{"id":5222,"date":"2025-02-24T19:09:31","date_gmt":"2025-02-24T18:09:31","guid":{"rendered":"https:\/\/www.decci.cz\/?p=5222"},"modified":"2025-02-24T19:09:59","modified_gmt":"2025-02-24T18:09:59","slug":"wind-farm-maletin-the-combination-of-wind-and-modern-turbines","status":"publish","type":"post","link":"https:\/\/www.decci.cz\/en\/2025\/02\/24\/wind-farm-maletin-the-combination-of-wind-and-modern-turbines\/","title":{"rendered":"Wind Farm\u00a0Malet\u00edn: The combination of\u00a0wind and modern turbines"},"content":{"rendered":"\t\t<div data-elementor-type=\"wp-post\" data-elementor-id=\"5222\" class=\"elementor elementor-5222\" data-elementor-post-type=\"post\">\n\t\t\t\t\t\t<section class=\"elementor-section elementor-top-section elementor-element elementor-element-31a68e3 elementor-section-boxed elementor-section-height-default elementor-section-height-default\" data-id=\"31a68e3\" data-element_type=\"section\">\n\t\t\t\t\t\t<div class=\"elementor-container elementor-column-gap-default\">\n\t\t\t\t\t<div class=\"elementor-column elementor-col-100 elementor-top-column elementor-element elementor-element-b1552c6\" data-id=\"b1552c6\" data-element_type=\"column\">\n\t\t\t<div class=\"elementor-widget-wrap elementor-element-populated\">\n\t\t\t\t\t\t<div class=\"elementor-element elementor-element-f3fcb98 elementor-widget elementor-widget-text-editor\" data-id=\"f3fcb98\" data-element_type=\"widget\" data-widget_type=\"text-editor.default\">\n\t\t\t\t<div class=\"elementor-widget-container\">\n\t\t\t\t\t\t\t\t\t<h4>We believe in decentralized sustainable energy solutions, expanding into wind energy is a natural evolution. Wind Farm Malet\u00edn is our first step into another exciting frontier.<\/h4>\t\t\t\t\t\t\t\t<\/div>\n\t\t\t\t<\/div>\n\t\t\t\t\t<\/div>\n\t\t<\/div>\n\t\t\t\t\t<\/div>\n\t\t<\/section>\n\t\t\t\t<section class=\"elementor-section elementor-top-section elementor-element elementor-element-0fc6bf9 elementor-section-boxed elementor-section-height-default elementor-section-height-default\" data-id=\"0fc6bf9\" data-element_type=\"section\">\n\t\t\t\t\t\t<div class=\"elementor-container elementor-column-gap-default\">\n\t\t\t\t\t<div class=\"elementor-column elementor-col-100 elementor-top-column elementor-element elementor-element-c8fc9b1\" data-id=\"c8fc9b1\" data-element_type=\"column\">\n\t\t\t<div class=\"elementor-widget-wrap elementor-element-populated\">\n\t\t\t\t\t\t<div class=\"elementor-element elementor-element-df04851 elementor-widget elementor-widget-heading\" data-id=\"df04851\" data-element_type=\"widget\" data-widget_type=\"heading.default\">\n\t\t\t\t<div class=\"elementor-widget-container\">\n\t\t\t\t\t<h2 class=\"elementor-heading-title elementor-size-default\">Why wind energy?<\/h2>\t\t\t\t<\/div>\n\t\t\t\t<\/div>\n\t\t\t\t\t<\/div>\n\t\t<\/div>\n\t\t\t\t\t<\/div>\n\t\t<\/section>\n\t\t\t\t<section class=\"elementor-section elementor-top-section elementor-element elementor-element-ed9d72e elementor-section-boxed elementor-section-height-default elementor-section-height-default\" data-id=\"ed9d72e\" data-element_type=\"section\">\n\t\t\t\t\t\t<div class=\"elementor-container elementor-column-gap-default\">\n\t\t\t\t\t<div class=\"elementor-column elementor-col-100 elementor-top-column elementor-element elementor-element-df752f1\" data-id=\"df752f1\" data-element_type=\"column\">\n\t\t\t<div class=\"elementor-widget-wrap elementor-element-populated\">\n\t\t\t\t\t\t<div class=\"elementor-element elementor-element-dba33f1 elementor-widget elementor-widget-text-editor\" data-id=\"dba33f1\" data-element_type=\"widget\" data-widget_type=\"text-editor.default\">\n\t\t\t\t<div class=\"elementor-widget-container\">\n\t\t\t\t\t\t\t\t\t<p>Wind energy has great\u00a0potential across the Czech Republic, though some areas are naturally more\u00a0suitable than others. We\u00a0can predict and measure wind flow with high accuracy\u00a0to identify the most optimal locations for these solutions.<\/p>\t\t\t\t\t\t\t\t<\/div>\n\t\t\t\t<\/div>\n\t\t\t\t\t<\/div>\n\t\t<\/div>\n\t\t\t\t\t<\/div>\n\t\t<\/section>\n\t\t\t\t<section class=\"elementor-section elementor-top-section elementor-element elementor-element-7519c6f elementor-section-boxed elementor-section-height-default elementor-section-height-default\" data-id=\"7519c6f\" data-element_type=\"section\">\n\t\t\t\t\t\t<div class=\"elementor-container elementor-column-gap-default\">\n\t\t\t\t\t<div class=\"elementor-column elementor-col-100 elementor-top-column elementor-element elementor-element-a69abde\" data-id=\"a69abde\" data-element_type=\"column\">\n\t\t\t<div class=\"elementor-widget-wrap elementor-element-populated\">\n\t\t\t\t\t\t<div class=\"elementor-element elementor-element-7cd1c21 elementor-widget elementor-widget-text-editor\" data-id=\"7cd1c21\" data-element_type=\"widget\" data-widget_type=\"text-editor.default\">\n\t\t\t\t<div class=\"elementor-widget-container\">\n\t\t\t\t\t\t\t\t\t<p>At the same time, thanks to\u00a0advancements in modern technologies and the development of more efficient and\u00a0quieter turbine\u00a0designs, we can harness the wind in an even more environmentally\u00a0friendly way, while increasing energy efficiency.<\/p>\t\t\t\t\t\t\t\t<\/div>\n\t\t\t\t<\/div>\n\t\t\t\t\t<\/div>\n\t\t<\/div>\n\t\t\t\t\t<\/div>\n\t\t<\/section>\n\t\t\t\t<section class=\"elementor-section elementor-top-section elementor-element elementor-element-ab0073c elementor-section-boxed elementor-section-height-default elementor-section-height-default\" data-id=\"ab0073c\" data-element_type=\"section\">\n\t\t\t\t\t\t<div class=\"elementor-container elementor-column-gap-default\">\n\t\t\t\t\t<div class=\"elementor-column elementor-col-100 elementor-top-column elementor-element elementor-element-b288023\" data-id=\"b288023\" data-element_type=\"column\">\n\t\t\t<div class=\"elementor-widget-wrap elementor-element-populated\">\n\t\t\t\t\t\t<div class=\"elementor-element elementor-element-ff00896 elementor-widget elementor-widget-text-editor\" data-id=\"ff00896\" data-element_type=\"widget\" data-widget_type=\"text-editor.default\">\n\t\t\t\t<div class=\"elementor-widget-container\">\n\t\t\t\t\t\t\t\t\t<p>The number of wind farms in\u00a0the Czech Republic is expected to grow; and in the foreseeable future, they\u00a0will play a greater\u00a0role in the country\u2019s energy mix.<\/p>\t\t\t\t\t\t\t\t<\/div>\n\t\t\t\t<\/div>\n\t\t\t\t<div class=\"elementor-element elementor-element-009edb2 elementor-widget elementor-widget-spacer\" data-id=\"009edb2\" data-element_type=\"widget\" data-widget_type=\"spacer.default\">\n\t\t\t\t<div class=\"elementor-widget-container\">\n\t\t\t\t\t\t\t<div class=\"elementor-spacer\">\n\t\t\t<div class=\"elementor-spacer-inner\"><\/div>\n\t\t<\/div>\n\t\t\t\t\t\t<\/div>\n\t\t\t\t<\/div>\n\t\t\t\t<div class=\"elementor-element elementor-element-b0c690f elementor-widget-divider--view-line elementor-widget elementor-widget-divider\" data-id=\"b0c690f\" data-element_type=\"widget\" data-widget_type=\"divider.default\">\n\t\t\t\t<div class=\"elementor-widget-container\">\n\t\t\t\t\t\t\t<div class=\"elementor-divider\">\n\t\t\t<span class=\"elementor-divider-separator\">\n\t\t\t\t\t\t<\/span>\n\t\t<\/div>\n\t\t\t\t\t\t<\/div>\n\t\t\t\t<\/div>\n\t\t\t\t\t<\/div>\n\t\t<\/div>\n\t\t\t\t\t<\/div>\n\t\t<\/section>\n\t\t\t\t<section class=\"elementor-section elementor-top-section elementor-element elementor-element-60f6d0f elementor-section-boxed elementor-section-height-default elementor-section-height-default\" data-id=\"60f6d0f\" data-element_type=\"section\">\n\t\t\t\t\t\t<div class=\"elementor-container elementor-column-gap-default\">\n\t\t\t\t\t<div class=\"elementor-column elementor-col-100 elementor-top-column elementor-element elementor-element-e05cb83\" data-id=\"e05cb83\" data-element_type=\"column\">\n\t\t\t<div class=\"elementor-widget-wrap elementor-element-populated\">\n\t\t\t\t\t\t<div class=\"elementor-element elementor-element-8b9fdcb elementor-widget elementor-widget-heading\" data-id=\"8b9fdcb\" data-element_type=\"widget\" data-widget_type=\"heading.default\">\n\t\t\t\t<div class=\"elementor-widget-container\">\n\t\t\t\t\t<h2 class=\"elementor-heading-title elementor-size-default\">Wind Farm Malet\u00edn<\/h2>\t\t\t\t<\/div>\n\t\t\t\t<\/div>\n\t\t\t\t\t<\/div>\n\t\t<\/div>\n\t\t\t\t\t<\/div>\n\t\t<\/section>\n\t\t\t\t<section class=\"elementor-section elementor-top-section elementor-element elementor-element-f258e06 elementor-section-boxed elementor-section-height-default elementor-section-height-default\" data-id=\"f258e06\" data-element_type=\"section\">\n\t\t\t\t\t\t<div class=\"elementor-container elementor-column-gap-default\">\n\t\t\t\t\t<div class=\"elementor-column elementor-col-100 elementor-top-column elementor-element elementor-element-9ebeee0\" data-id=\"9ebeee0\" data-element_type=\"column\">\n\t\t\t<div class=\"elementor-widget-wrap elementor-element-populated\">\n\t\t\t\t\t\t<div class=\"elementor-element elementor-element-bc062c4 elementor-widget elementor-widget-text-editor\" data-id=\"bc062c4\" data-element_type=\"widget\" data-widget_type=\"text-editor.default\">\n\t\t\t\t<div class=\"elementor-widget-container\">\n\t\t\t\t\t\t\t\t\t<p><br \/>The municipality of Malet\u00edn\u00a0is a small village in the Olomouc district with great conditions for a wind\u00a0energy farm. We acquired\u00a0this project from a previous investor, who was unable\u00a0to complete it. Although Wind Farm Malet\u00edn is our very first project in this\u00a0exciting energy sector, we are well-prepared and on track to launch VTE Malet\u00edn\u00a0in October 2025.<\/p>\t\t\t\t\t\t\t\t<\/div>\n\t\t\t\t<\/div>\n\t\t\t\t\t<\/div>\n\t\t<\/div>\n\t\t\t\t\t<\/div>\n\t\t<\/section>\n\t\t\t\t<section class=\"elementor-section elementor-top-section elementor-element elementor-element-80b930a elementor-section-boxed elementor-section-height-default elementor-section-height-default\" data-id=\"80b930a\" data-element_type=\"section\">\n\t\t\t\t\t\t<div class=\"elementor-container elementor-column-gap-default\">\n\t\t\t\t\t<div class=\"elementor-column elementor-col-100 elementor-top-column elementor-element elementor-element-15c8d41\" data-id=\"15c8d41\" data-element_type=\"column\">\n\t\t\t<div class=\"elementor-widget-wrap elementor-element-populated\">\n\t\t\t\t\t\t<section class=\"elementor-section elementor-inner-section elementor-element elementor-element-d1e09c3 elementor-section-boxed elementor-section-height-default elementor-section-height-default\" data-id=\"d1e09c3\" data-element_type=\"section\">\n\t\t\t\t\t\t<div class=\"elementor-container elementor-column-gap-default\">\n\t\t\t\t\t<div class=\"elementor-column elementor-col-50 elementor-inner-column elementor-element elementor-element-d7b0746\" data-id=\"d7b0746\" data-element_type=\"column\">\n\t\t\t<div class=\"elementor-widget-wrap elementor-element-populated\">\n\t\t\t\t\t\t<div class=\"elementor-element elementor-element-58ef695 elementor-widget elementor-widget-text-editor\" data-id=\"58ef695\" data-element_type=\"widget\" data-widget_type=\"text-editor.default\">\n\t\t\t\t<div class=\"elementor-widget-container\">\n\t\t\t\t\t\t\t\t\t<h4>Total installed output:\u00a0 6,6 MW<\/h4>\t\t\t\t\t\t\t\t<\/div>\n\t\t\t\t<\/div>\n\t\t\t\t\t<\/div>\n\t\t<\/div>\n\t\t\t\t<div class=\"elementor-column elementor-col-50 elementor-inner-column elementor-element elementor-element-c0a46c1\" data-id=\"c0a46c1\" data-element_type=\"column\">\n\t\t\t<div class=\"elementor-widget-wrap elementor-element-populated\">\n\t\t\t\t\t\t<div class=\"elementor-element elementor-element-f9e5b02 elementor-widget elementor-widget-text-editor\" data-id=\"f9e5b02\" data-element_type=\"widget\" data-widget_type=\"text-editor.default\">\n\t\t\t\t<div class=\"elementor-widget-container\">\n\t\t\t\t\t\t\t\t\t<h4>Number\u00a0of turbines:\u00a0 3<\/h4>\t\t\t\t\t\t\t\t<\/div>\n\t\t\t\t<\/div>\n\t\t\t\t\t<\/div>\n\t\t<\/div>\n\t\t\t\t\t<\/div>\n\t\t<\/section>\n\t\t\t\t\t<\/div>\n\t\t<\/div>\n\t\t\t\t\t<\/div>\n\t\t<\/section>\n\t\t\t\t<section class=\"elementor-section elementor-top-section elementor-element elementor-element-f167221 elementor-section-boxed elementor-section-height-default elementor-section-height-default\" data-id=\"f167221\" data-element_type=\"section\">\n\t\t\t\t\t\t<div class=\"elementor-container elementor-column-gap-default\">\n\t\t\t\t\t<div class=\"elementor-column elementor-col-100 elementor-top-column elementor-element elementor-element-be11d97\" data-id=\"be11d97\" data-element_type=\"column\">\n\t\t\t<div class=\"elementor-widget-wrap elementor-element-populated\">\n\t\t\t\t\t\t<div class=\"elementor-element elementor-element-3e9d407 elementor-widget elementor-widget-spacer\" data-id=\"3e9d407\" data-element_type=\"widget\" data-widget_type=\"spacer.default\">\n\t\t\t\t<div class=\"elementor-widget-container\">\n\t\t\t\t\t\t\t<div class=\"elementor-spacer\">\n\t\t\t<div class=\"elementor-spacer-inner\"><\/div>\n\t\t<\/div>\n\t\t\t\t\t\t<\/div>\n\t\t\t\t<\/div>\n\t\t\t\t<div class=\"elementor-element elementor-element-4e298f5 elementor-widget-divider--view-line elementor-widget elementor-widget-divider\" data-id=\"4e298f5\" data-element_type=\"widget\" data-widget_type=\"divider.default\">\n\t\t\t\t<div class=\"elementor-widget-container\">\n\t\t\t\t\t\t\t<div class=\"elementor-divider\">\n\t\t\t<span class=\"elementor-divider-separator\">\n\t\t\t\t\t\t<\/span>\n\t\t<\/div>\n\t\t\t\t\t\t<\/div>\n\t\t\t\t<\/div>\n\t\t\t\t<div class=\"elementor-element elementor-element-4f6ea7e elementor-widget elementor-widget-heading\" data-id=\"4f6ea7e\" data-element_type=\"widget\" data-widget_type=\"heading.default\">\n\t\t\t\t<div class=\"elementor-widget-container\">\n\t\t\t\t\t<h2 class=\"elementor-heading-title elementor-size-default\">Our Partners<\/h2>\t\t\t\t<\/div>\n\t\t\t\t<\/div>\n\t\t\t\t\t<\/div>\n\t\t<\/div>\n\t\t\t\t\t<\/div>\n\t\t<\/section>\n\t\t\t\t<section class=\"elementor-section elementor-top-section elementor-element elementor-element-049e988 elementor-section-boxed elementor-section-height-default elementor-section-height-default\" data-id=\"049e988\" data-element_type=\"section\">\n\t\t\t\t\t\t<div class=\"elementor-container elementor-column-gap-default\">\n\t\t\t\t\t<div class=\"elementor-column elementor-col-100 elementor-top-column elementor-element elementor-element-468b28d\" data-id=\"468b28d\" data-element_type=\"column\">\n\t\t\t<div class=\"elementor-widget-wrap elementor-element-populated\">\n\t\t\t\t\t\t<section class=\"elementor-section elementor-inner-section elementor-element elementor-element-c78a8f7 elementor-section-boxed elementor-section-height-default elementor-section-height-default\" data-id=\"c78a8f7\" data-element_type=\"section\">\n\t\t\t\t\t\t<div class=\"elementor-container elementor-column-gap-default\">\n\t\t\t\t\t<div class=\"elementor-column elementor-col-33 elementor-inner-column elementor-element elementor-element-b802368\" data-id=\"b802368\" data-element_type=\"column\">\n\t\t\t<div class=\"elementor-widget-wrap elementor-element-populated\">\n\t\t\t\t\t\t<div class=\"elementor-element elementor-element-c4660a6 elementor-widget elementor-widget-text-editor\" data-id=\"c4660a6\" data-element_type=\"widget\" data-widget_type=\"text-editor.default\">\n\t\t\t\t<div class=\"elementor-widget-container\">\n\t\t\t\t\t\t\t\t\t<h5><strong>Turbines supplier:\u00a0\u00a0<\/strong><strong style=\"color: inherit; font-family: inherit; font-size: 1.25rem;\">Vestas<\/strong><\/h5><p>A wind market leader with over 40 years\u00a0of expertise, specializing in wind turbine design and development.<\/p>\t\t\t\t\t\t\t\t<\/div>\n\t\t\t\t<\/div>\n\t\t\t\t\t<\/div>\n\t\t<\/div>\n\t\t\t\t<div class=\"elementor-column elementor-col-33 elementor-inner-column elementor-element elementor-element-98bbe3b\" data-id=\"98bbe3b\" data-element_type=\"column\">\n\t\t\t<div class=\"elementor-widget-wrap elementor-element-populated\">\n\t\t\t\t\t\t<div class=\"elementor-element elementor-element-7a44f8f elementor-widget elementor-widget-text-editor\" data-id=\"7a44f8f\" data-element_type=\"widget\" data-widget_type=\"text-editor.default\">\n\t\t\t\t<div class=\"elementor-widget-container\">\n\t\t\t\t\t\t\t\t\t<h5><strong>Construction firm:\u00a0\u00a0FORTEX AGS<\/strong><\/h5><p>The construction of Wind Farm Malet\u00edn is being carried out by a local firm . We prefer to involve local supplier.<\/p>\t\t\t\t\t\t\t\t<\/div>\n\t\t\t\t<\/div>\n\t\t\t\t\t<\/div>\n\t\t<\/div>\n\t\t\t\t<div class=\"elementor-column elementor-col-33 elementor-inner-column elementor-element elementor-element-34fcbdc\" data-id=\"34fcbdc\" data-element_type=\"column\">\n\t\t\t<div class=\"elementor-widget-wrap elementor-element-populated\">\n\t\t\t\t\t\t<div class=\"elementor-element elementor-element-3083057 elementor-widget elementor-widget-text-editor\" data-id=\"3083057\" data-element_type=\"widget\" data-widget_type=\"text-editor.default\">\n\t\t\t\t<div class=\"elementor-widget-container\">\n\t\t\t\t\t\t\t\t\t<h5><strong>Financing:\u00a0 \u010cesk\u00e1 spo\u0159itelna<\/strong><\/h5><p>Our long-term partner has been involved in many of our previous projects over the years. Most recently, they co-financed Energy nest, the most modern power plant in the Czech Republic.<\/p>\t\t\t\t\t\t\t\t<\/div>\n\t\t\t\t<\/div>\n\t\t\t\t\t<\/div>\n\t\t<\/div>\n\t\t\t\t\t<\/div>\n\t\t<\/section>\n\t\t\t\t<div class=\"elementor-element elementor-element-1a421ad elementor-widget elementor-widget-spacer\" data-id=\"1a421ad\" data-element_type=\"widget\" data-widget_type=\"spacer.default\">\n\t\t\t\t<div class=\"elementor-widget-container\">\n\t\t\t\t\t\t\t<div class=\"elementor-spacer\">\n\t\t\t<div class=\"elementor-spacer-inner\"><\/div>\n\t\t<\/div>\n\t\t\t\t\t\t<\/div>\n\t\t\t\t<\/div>\n\t\t\t\t<div class=\"elementor-element elementor-element-a1e9656 elementor-widget elementor-widget-spacer\" data-id=\"a1e9656\" data-element_type=\"widget\" data-widget_type=\"spacer.default\">\n\t\t\t\t<div class=\"elementor-widget-container\">\n\t\t\t\t\t\t\t<div class=\"elementor-spacer\">\n\t\t\t<div class=\"elementor-spacer-inner\"><\/div>\n\t\t<\/div>\n\t\t\t\t\t\t<\/div>\n\t\t\t\t<\/div>\n\t\t\t\t\t<\/div>\n\t\t<\/div>\n\t\t\t\t\t<\/div>\n\t\t<\/section>\n\t\t\t\t<section class=\"elementor-section elementor-top-section elementor-element elementor-element-9931926 elementor-section-boxed elementor-section-height-default elementor-section-height-default\" data-id=\"9931926\" data-element_type=\"section\">\n\t\t\t\t\t\t<div class=\"elementor-container elementor-column-gap-default\">\n\t\t\t\t\t<div class=\"elementor-column elementor-col-100 elementor-top-column elementor-element elementor-element-36c9394\" data-id=\"36c9394\" data-element_type=\"column\">\n\t\t\t<div class=\"elementor-widget-wrap elementor-element-populated\">\n\t\t\t\t\t\t<div class=\"elementor-element elementor-element-1edf256 elementor-widget-divider--view-line elementor-widget elementor-widget-divider\" data-id=\"1edf256\" data-element_type=\"widget\" data-widget_type=\"divider.default\">\n\t\t\t\t<div class=\"elementor-widget-container\">\n\t\t\t\t\t\t\t<div class=\"elementor-divider\">\n\t\t\t<span class=\"elementor-divider-separator\">\n\t\t\t\t\t\t<\/span>\n\t\t<\/div>\n\t\t\t\t\t\t<\/div>\n\t\t\t\t<\/div>\n\t\t\t\t\t<\/div>\n\t\t<\/div>\n\t\t\t\t\t<\/div>\n\t\t<\/section>\n\t\t\t\t<section class=\"elementor-section elementor-top-section elementor-element elementor-element-b9e4763 elementor-section-boxed elementor-section-height-default elementor-section-height-default\" data-id=\"b9e4763\" data-element_type=\"section\">\n\t\t\t\t\t\t<div class=\"elementor-container elementor-column-gap-default\">\n\t\t\t\t\t<div class=\"elementor-column elementor-col-100 elementor-top-column elementor-element elementor-element-d2f4b14\" data-id=\"d2f4b14\" data-element_type=\"column\">\n\t\t\t<div class=\"elementor-widget-wrap elementor-element-populated\">\n\t\t\t\t\t\t<div class=\"elementor-element elementor-element-ced5ccc elementor-widget elementor-widget-heading\" data-id=\"ced5ccc\" data-element_type=\"widget\" data-widget_type=\"heading.default\">\n\t\t\t\t<div class=\"elementor-widget-container\">\n\t\t\t\t\t<h2 class=\"elementor-heading-title elementor-size-default\">What\u2019s Been Said About Wind Farm Malet\u00edn<\/h2>\t\t\t\t<\/div>\n\t\t\t\t<\/div>\n\t\t\t\t\t<\/div>\n\t\t<\/div>\n\t\t\t\t\t<\/div>\n\t\t<\/section>\n\t\t\t\t<section class=\"elementor-section elementor-top-section elementor-element elementor-element-5db6906 elementor-section-boxed elementor-section-height-default elementor-section-height-default\" data-id=\"5db6906\" data-element_type=\"section\">\n\t\t\t\t\t\t<div class=\"elementor-container elementor-column-gap-default\">\n\t\t\t\t\t<div class=\"elementor-column elementor-col-100 elementor-top-column elementor-element elementor-element-a020d23\" data-id=\"a020d23\" data-element_type=\"column\">\n\t\t\t<div class=\"elementor-widget-wrap\">\n\t\t\t\t\t\t\t<\/div>\n\t\t<\/div>\n\t\t\t\t\t<\/div>\n\t\t<\/section>\n\t\t\t\t<section class=\"elementor-section elementor-top-section elementor-element elementor-element-3e6f8d6 elementor-section-boxed elementor-section-height-default elementor-section-height-default\" data-id=\"3e6f8d6\" data-element_type=\"section\">\n\t\t\t\t\t\t<div class=\"elementor-container elementor-column-gap-default\">\n\t\t\t\t\t<div class=\"elementor-column elementor-col-100 elementor-top-column elementor-element elementor-element-b147bef\" data-id=\"b147bef\" data-element_type=\"column\">\n\t\t\t<div class=\"elementor-widget-wrap elementor-element-populated\">\n\t\t\t\t\t\t<div class=\"elementor-element elementor-element-afc114f elementor-blockquote--skin-border elementor-blockquote--button-color-official elementor-widget elementor-widget-blockquote\" data-id=\"afc114f\" data-element_type=\"widget\" data-widget_type=\"blockquote.default\">\n\t\t\t\t<div class=\"elementor-widget-container\">\n\t\t\t\t\t\t\t<blockquote class=\"elementor-blockquote\">\n\t\t\t<p class=\"elementor-blockquote__content\">\n\t\t\t\t\u201cThe significance of Wind Farm Malet\u00edn is undeniable to us. It\u2019s not just about its size, but rather the fact that it opens a new energy sector for us. We were at the forefront of solar power development in the Czech Republic, last year we entered the market with ancillary services, and this year we are expanding into wind energy. I am incredibly proud that we have managed to diversify our portfolio so significantly in such a short period of time.\u201d \t\t\t<\/p>\n\t\t\t\t\t\t\t<div class=\"e-q-footer\">\n\t\t\t\t\t\t\t\t\t\t\t<cite class=\"elementor-blockquote__author\"> Darina Merdassi, CEO, Decci.<\/cite>\n\t\t\t\t\t\t\t\t\t\t\t\t\t\t<\/div>\n\t\t\t\t\t<\/blockquote>\n\t\t\t\t\t\t<\/div>\n\t\t\t\t<\/div>\n\t\t\t\t<div class=\"elementor-element elementor-element-597564f elementor-widget elementor-widget-spacer\" data-id=\"597564f\" data-element_type=\"widget\" data-widget_type=\"spacer.default\">\n\t\t\t\t<div class=\"elementor-widget-container\">\n\t\t\t\t\t\t\t<div class=\"elementor-spacer\">\n\t\t\t<div class=\"elementor-spacer-inner\"><\/div>\n\t\t<\/div>\n\t\t\t\t\t\t<\/div>\n\t\t\t\t<\/div>\n\t\t\t\t<div class=\"elementor-element elementor-element-fc712e7 elementor-widget elementor-widget-spacer\" data-id=\"fc712e7\" data-element_type=\"widget\" data-widget_type=\"spacer.default\">\n\t\t\t\t<div class=\"elementor-widget-container\">\n\t\t\t\t\t\t\t<div class=\"elementor-spacer\">\n\t\t\t<div class=\"elementor-spacer-inner\"><\/div>\n\t\t<\/div>\n\t\t\t\t\t\t<\/div>\n\t\t\t\t<\/div>\n\t\t\t\t\t<\/div>\n\t\t<\/div>\n\t\t\t\t\t<\/div>\n\t\t<\/section>\n\t\t\t\t<section class=\"elementor-section elementor-top-section elementor-element elementor-element-55d7e7c elementor-section-boxed elementor-section-height-default elementor-section-height-default\" data-id=\"55d7e7c\" data-element_type=\"section\">\n\t\t\t\t\t\t<div class=\"elementor-container elementor-column-gap-default\">\n\t\t\t\t\t<div class=\"elementor-column elementor-col-100 elementor-top-column elementor-element elementor-element-33b03ba\" data-id=\"33b03ba\" data-element_type=\"column\">\n\t\t\t<div class=\"elementor-widget-wrap elementor-element-populated\">\n\t\t\t\t\t\t<div class=\"elementor-element elementor-element-c13da72 elementor-widget-divider--view-line elementor-widget elementor-widget-divider\" data-id=\"c13da72\" data-element_type=\"widget\" data-widget_type=\"divider.default\">\n\t\t\t\t<div class=\"elementor-widget-container\">\n\t\t\t\t\t\t\t<div class=\"elementor-divider\">\n\t\t\t<span class=\"elementor-divider-separator\">\n\t\t\t\t\t\t<\/span>\n\t\t<\/div>\n\t\t\t\t\t\t<\/div>\n\t\t\t\t<\/div>\n\t\t\t\t\t<\/div>\n\t\t<\/div>\n\t\t\t\t\t<\/div>\n\t\t<\/section>\n\t\t\t\t<section class=\"elementor-section elementor-top-section elementor-element elementor-element-fb82527 elementor-section-boxed elementor-section-height-default elementor-section-height-default\" data-id=\"fb82527\" data-element_type=\"section\">\n\t\t\t\t\t\t<div class=\"elementor-container elementor-column-gap-default\">\n\t\t\t\t\t<div class=\"elementor-column elementor-col-100 elementor-top-column elementor-element elementor-element-827175a\" data-id=\"827175a\" data-element_type=\"column\">\n\t\t\t<div class=\"elementor-widget-wrap elementor-element-populated\">\n\t\t\t\t\t\t<div class=\"elementor-element elementor-element-614631f elementor-widget elementor-widget-gallery\" data-id=\"614631f\" data-element_type=\"widget\" data-settings=\"{&quot;columns&quot;:3,&quot;lazyload&quot;:&quot;yes&quot;,&quot;gallery_layout&quot;:&quot;grid&quot;,&quot;columns_tablet&quot;:2,&quot;columns_mobile&quot;:1,&quot;gap&quot;:{&quot;unit&quot;:&quot;px&quot;,&quot;size&quot;:10,&quot;sizes&quot;:[]},&quot;gap_tablet&quot;:{&quot;unit&quot;:&quot;px&quot;,&quot;size&quot;:10,&quot;sizes&quot;:[]},&quot;gap_mobile&quot;:{&quot;unit&quot;:&quot;px&quot;,&quot;size&quot;:10,&quot;sizes&quot;:[]},&quot;link_to&quot;:&quot;file&quot;,&quot;aspect_ratio&quot;:&quot;3:2&quot;,&quot;overlay_background&quot;:&quot;yes&quot;,&quot;content_hover_animation&quot;:&quot;fade-in&quot;}\" data-widget_type=\"gallery.default\">\n\t\t\t\t<div class=\"elementor-widget-container\">\n\t\t\t\t\t\t\t<div class=\"elementor-gallery__container\">\n\t\t\t\t\t\t\t<a class=\"e-gallery-item elementor-gallery-item elementor-animated-content\" href=\"https:\/\/www.decci.cz\/wp-content\/uploads\/2025\/02\/vetrna-elektrarna-decci6-scaled.jpg\" data-elementor-open-lightbox=\"yes\" data-elementor-lightbox-slideshow=\"614631f\" data-e-action-hash=\"#elementor-action%3Aaction%3Dlightbox%26settings%3DeyJpZCI6NTIzNSwidXJsIjoiaHR0cHM6XC9cL3d3dy5kZWNjaS5jelwvd3AtY29udGVudFwvdXBsb2Fkc1wvMjAyNVwvMDJcL3ZldHJuYS1lbGVrdHJhcm5hLWRlY2NpNi1zY2FsZWQuanBnIiwic2xpZGVzaG93IjoiNjE0NjMxZiJ9\">\n\t\t\t\t\t<div class=\"e-gallery-image elementor-gallery-item__image\" data-thumbnail=\"https:\/\/www.decci.cz\/wp-content\/uploads\/2025\/02\/vetrna-elektrarna-decci6-1024x768.jpg\" data-width=\"800\" data-height=\"600\" aria-label=\"\" role=\"img\" ><\/div>\n\t\t\t\t\t\t\t\t\t\t\t<div class=\"elementor-gallery-item__overlay\"><\/div>\n\t\t\t\t\t\t\t\t\t\t\t\t\t\t<\/a>\n\t\t\t\t\t\t\t<a class=\"e-gallery-item elementor-gallery-item elementor-animated-content\" href=\"https:\/\/www.decci.cz\/wp-content\/uploads\/2025\/02\/vetrna-elektrarna-decci9-scaled.jpg\" data-elementor-open-lightbox=\"yes\" data-elementor-lightbox-slideshow=\"614631f\" data-e-action-hash=\"#elementor-action%3Aaction%3Dlightbox%26settings%3DeyJpZCI6NTIzNywidXJsIjoiaHR0cHM6XC9cL3d3dy5kZWNjaS5jelwvd3AtY29udGVudFwvdXBsb2Fkc1wvMjAyNVwvMDJcL3ZldHJuYS1lbGVrdHJhcm5hLWRlY2NpOS1zY2FsZWQuanBnIiwic2xpZGVzaG93IjoiNjE0NjMxZiJ9\">\n\t\t\t\t\t<div class=\"e-gallery-image elementor-gallery-item__image\" data-thumbnail=\"https:\/\/www.decci.cz\/wp-content\/uploads\/2025\/02\/vetrna-elektrarna-decci9-1024x768.jpg\" data-width=\"800\" data-height=\"600\" aria-label=\"\" role=\"img\" ><\/div>\n\t\t\t\t\t\t\t\t\t\t\t<div class=\"elementor-gallery-item__overlay\"><\/div>\n\t\t\t\t\t\t\t\t\t\t\t\t\t\t<\/a>\n\t\t\t\t\t\t\t<a class=\"e-gallery-item elementor-gallery-item elementor-animated-content\" href=\"https:\/\/www.decci.cz\/wp-content\/uploads\/2025\/02\/etrna-elektrarna1-scaled.jpg\" data-elementor-open-lightbox=\"yes\" data-elementor-lightbox-slideshow=\"614631f\" data-e-action-hash=\"#elementor-action%3Aaction%3Dlightbox%26settings%3DeyJpZCI6NTIzOSwidXJsIjoiaHR0cHM6XC9cL3d3dy5kZWNjaS5jelwvd3AtY29udGVudFwvdXBsb2Fkc1wvMjAyNVwvMDJcL2V0cm5hLWVsZWt0cmFybmExLXNjYWxlZC5qcGciLCJzbGlkZXNob3ciOiI2MTQ2MzFmIn0%3D\">\n\t\t\t\t\t<div class=\"e-gallery-image elementor-gallery-item__image\" data-thumbnail=\"https:\/\/www.decci.cz\/wp-content\/uploads\/2025\/02\/etrna-elektrarna1-1024x768.jpg\" data-width=\"800\" data-height=\"600\" aria-label=\"\" role=\"img\" ><\/div>\n\t\t\t\t\t\t\t\t\t\t\t<div class=\"elementor-gallery-item__overlay\"><\/div>\n\t\t\t\t\t\t\t\t\t\t\t\t\t\t<\/a>\n\t\t\t\t\t\t\t<a class=\"e-gallery-item elementor-gallery-item elementor-animated-content\" href=\"https:\/\/www.decci.cz\/wp-content\/uploads\/2025\/02\/vetrna-elektrarna-decci5-scaled.jpg\" data-elementor-open-lightbox=\"yes\" data-elementor-lightbox-slideshow=\"614631f\" data-e-action-hash=\"#elementor-action%3Aaction%3Dlightbox%26settings%3DeyJpZCI6NTI0MSwidXJsIjoiaHR0cHM6XC9cL3d3dy5kZWNjaS5jelwvd3AtY29udGVudFwvdXBsb2Fkc1wvMjAyNVwvMDJcL3ZldHJuYS1lbGVrdHJhcm5hLWRlY2NpNS1zY2FsZWQuanBnIiwic2xpZGVzaG93IjoiNjE0NjMxZiJ9\">\n\t\t\t\t\t<div class=\"e-gallery-image elementor-gallery-item__image\" data-thumbnail=\"https:\/\/www.decci.cz\/wp-content\/uploads\/2025\/02\/vetrna-elektrarna-decci5-1024x768.jpg\" data-width=\"800\" data-height=\"600\" aria-label=\"\" role=\"img\" ><\/div>\n\t\t\t\t\t\t\t\t\t\t\t<div class=\"elementor-gallery-item__overlay\"><\/div>\n\t\t\t\t\t\t\t\t\t\t\t\t\t\t<\/a>\n\t\t\t\t\t\t\t<a class=\"e-gallery-item elementor-gallery-item elementor-animated-content\" href=\"https:\/\/www.decci.cz\/wp-content\/uploads\/2025\/02\/Maletin-VTE-1.jpeg\" data-elementor-open-lightbox=\"yes\" data-elementor-lightbox-slideshow=\"614631f\" data-e-action-hash=\"#elementor-action%3Aaction%3Dlightbox%26settings%3DeyJpZCI6NTI0NywidXJsIjoiaHR0cHM6XC9cL3d3dy5kZWNjaS5jelwvd3AtY29udGVudFwvdXBsb2Fkc1wvMjAyNVwvMDJcL01hbGV0aW4tVlRFLTEuanBlZyIsInNsaWRlc2hvdyI6IjYxNDYzMWYifQ%3D%3D\">\n\t\t\t\t\t<div class=\"e-gallery-image elementor-gallery-item__image\" data-thumbnail=\"https:\/\/www.decci.cz\/wp-content\/uploads\/2025\/02\/Maletin-VTE-1-1024x576.jpeg\" data-width=\"800\" data-height=\"450\" aria-label=\"\" role=\"img\" ><\/div>\n\t\t\t\t\t\t\t\t\t\t\t<div class=\"elementor-gallery-item__overlay\"><\/div>\n\t\t\t\t\t\t\t\t\t\t\t\t\t\t<\/a>\n\t\t\t\t\t\t\t<a class=\"e-gallery-item elementor-gallery-item elementor-animated-content\" href=\"https:\/\/www.decci.cz\/wp-content\/uploads\/2025\/02\/Maletin-VTE.jpeg\" data-elementor-open-lightbox=\"yes\" data-elementor-lightbox-slideshow=\"614631f\" data-e-action-hash=\"#elementor-action%3Aaction%3Dlightbox%26settings%3DeyJpZCI6NTI0OSwidXJsIjoiaHR0cHM6XC9cL3d3dy5kZWNjaS5jelwvd3AtY29udGVudFwvdXBsb2Fkc1wvMjAyNVwvMDJcL01hbGV0aW4tVlRFLmpwZWciLCJzbGlkZXNob3ciOiI2MTQ2MzFmIn0%3D\">\n\t\t\t\t\t<div class=\"e-gallery-image elementor-gallery-item__image\" data-thumbnail=\"https:\/\/www.decci.cz\/wp-content\/uploads\/2025\/02\/Maletin-VTE-1024x576.jpeg\" data-width=\"800\" data-height=\"450\" aria-label=\"\" role=\"img\" ><\/div>\n\t\t\t\t\t\t\t\t\t\t\t<div class=\"elementor-gallery-item__overlay\"><\/div>\n\t\t\t\t\t\t\t\t\t\t\t\t\t\t<\/a>\n\t\t\t\t\t<\/div>\n\t\t\t\t\t<\/div>\n\t\t\t\t<\/div>\n\t\t\t\t\t<\/div>\n\t\t<\/div>\n\t\t\t\t\t<\/div>\n\t\t<\/section>\n\t\t\t\t<\/div>\n\t\t","protected":false},"excerpt":{"rendered":"<p>We believe in decentralized sustainable energy solutions, expanding into wind energy is a natural evolution. Wind Farm Malet\u00edn is our first step into another exciting frontier. Why wind energy? Wind energy has great\u00a0potential across the Czech Republic, though some areas are naturally more\u00a0suitable than others. We\u00a0can predict and measure wind flow with high accuracy\u00a0to identify [&hellip;]<\/p>\n","protected":false},"author":4,"featured_media":5224,"comment_status":"closed","ping_status":"closed","sticky":false,"template":"","format":"standard","meta":{"footnotes":""},"categories":[202,201],"tags":[],"class_list":["post-5222","post","type-post","status-publish","format-standard","has-post-thumbnail","hentry","category-for-media","category-news"],"yoast_head":"<!-- This site is optimized with the Yoast SEO plugin v25.3.1 - https:\/\/yoast.com\/wordpress\/plugins\/seo\/ -->\n<title>Wind Farm\u00a0Malet\u00edn: The combination of\u00a0wind and modern turbines - DECCI<\/title>\n<meta name=\"robots\" content=\"index, follow, max-snippet:-1, max-image-preview:large, max-video-preview:-1\" \/>\n<link rel=\"canonical\" href=\"https:\/\/www.decci.cz\/en\/2025\/02\/24\/wind-farm-maletin-the-combination-of-wind-and-modern-turbines\/\" \/>\n<meta property=\"og:locale\" content=\"en_US\" \/>\n<meta property=\"og:type\" content=\"article\" \/>\n<meta property=\"og:title\" content=\"Wind Farm\u00a0Malet\u00edn: The combination of\u00a0wind and modern turbines - DECCI\" \/>\n<meta property=\"og:description\" content=\"We believe in decentralized sustainable energy solutions, expanding into wind energy is a natural evolution. Wind Farm Malet\u00edn is our first step into another exciting frontier. Why wind energy? Wind energy has great\u00a0potential across the Czech Republic, though some areas are naturally more\u00a0suitable than others. We\u00a0can predict and measure wind flow with high accuracy\u00a0to identify [&hellip;]\" \/>\n<meta property=\"og:url\" content=\"https:\/\/www.decci.cz\/en\/2025\/02\/24\/wind-farm-maletin-the-combination-of-wind-and-modern-turbines\/\" \/>\n<meta property=\"og:site_name\" content=\"DECCI\" \/>\n<meta property=\"article:published_time\" content=\"2025-02-24T18:09:31+00:00\" \/>\n<meta property=\"article:modified_time\" content=\"2025-02-24T18:09:59+00:00\" \/>\n<meta property=\"og:image\" content=\"https:\/\/www.decci.cz\/wp-content\/uploads\/2025\/02\/vetrna-elektrarna-scaled.jpg\" \/>\n\t<meta property=\"og:image:width\" content=\"2560\" \/>\n\t<meta property=\"og:image:height\" content=\"1920\" \/>\n\t<meta property=\"og:image:type\" content=\"image\/jpeg\" \/>\n<meta name=\"author\" content=\"veronika.dobiasova\" \/>\n<meta name=\"twitter:card\" content=\"summary_large_image\" \/>\n<meta name=\"twitter:label1\" content=\"Written by\" \/>\n\t<meta name=\"twitter:data1\" content=\"veronika.dobiasova\" \/>\n\t<meta name=\"twitter:label2\" content=\"Est. reading time\" \/>\n\t<meta name=\"twitter:data2\" content=\"2 minutes\" \/>\n<script type=\"application\/ld+json\" class=\"yoast-schema-graph\">{\"@context\":\"https:\/\/schema.org\",\"@graph\":[{\"@type\":\"WebPage\",\"@id\":\"https:\/\/www.decci.cz\/en\/2025\/02\/24\/wind-farm-maletin-the-combination-of-wind-and-modern-turbines\/\",\"url\":\"https:\/\/www.decci.cz\/en\/2025\/02\/24\/wind-farm-maletin-the-combination-of-wind-and-modern-turbines\/\",\"name\":\"Wind Farm\u00a0Malet\u00edn: The combination of\u00a0wind and modern turbines - DECCI\",\"isPartOf\":{\"@id\":\"https:\/\/www.decci.cz\/#website\"},\"primaryImageOfPage\":{\"@id\":\"https:\/\/www.decci.cz\/en\/2025\/02\/24\/wind-farm-maletin-the-combination-of-wind-and-modern-turbines\/#primaryimage\"},\"image\":{\"@id\":\"https:\/\/www.decci.cz\/en\/2025\/02\/24\/wind-farm-maletin-the-combination-of-wind-and-modern-turbines\/#primaryimage\"},\"thumbnailUrl\":\"https:\/\/www.decci.cz\/wp-content\/uploads\/2025\/02\/vetrna-elektrarna-scaled.jpg\",\"datePublished\":\"2025-02-24T18:09:31+00:00\",\"dateModified\":\"2025-02-24T18:09:59+00:00\",\"author\":{\"@id\":\"https:\/\/www.decci.cz\/#\/schema\/person\/91ac48d1c425d9367b75c9f00f0c9326\"},\"breadcrumb\":{\"@id\":\"https:\/\/www.decci.cz\/en\/2025\/02\/24\/wind-farm-maletin-the-combination-of-wind-and-modern-turbines\/#breadcrumb\"},\"inLanguage\":\"en-US\",\"potentialAction\":[{\"@type\":\"ReadAction\",\"target\":[\"https:\/\/www.decci.cz\/en\/2025\/02\/24\/wind-farm-maletin-the-combination-of-wind-and-modern-turbines\/\"]}]},{\"@type\":\"ImageObject\",\"inLanguage\":\"en-US\",\"@id\":\"https:\/\/www.decci.cz\/en\/2025\/02\/24\/wind-farm-maletin-the-combination-of-wind-and-modern-turbines\/#primaryimage\",\"url\":\"https:\/\/www.decci.cz\/wp-content\/uploads\/2025\/02\/vetrna-elektrarna-scaled.jpg\",\"contentUrl\":\"https:\/\/www.decci.cz\/wp-content\/uploads\/2025\/02\/vetrna-elektrarna-scaled.jpg\",\"width\":2560,\"height\":1920,\"caption\":\"default\"},{\"@type\":\"BreadcrumbList\",\"@id\":\"https:\/\/www.decci.cz\/en\/2025\/02\/24\/wind-farm-maletin-the-combination-of-wind-and-modern-turbines\/#breadcrumb\",\"itemListElement\":[{\"@type\":\"ListItem\",\"position\":1,\"name\":\"Dom\u016f\",\"item\":\"https:\/\/www.decci.cz\/en\/\"},{\"@type\":\"ListItem\",\"position\":2,\"name\":\"Wind Farm\u00a0Malet\u00edn: The combination of\u00a0wind and modern turbines\"}]},{\"@type\":\"WebSite\",\"@id\":\"https:\/\/www.decci.cz\/#website\",\"url\":\"https:\/\/www.decci.cz\/\",\"name\":\"DECCI\",\"description\":\"Vytv\u00e1\u0159\u00edme infrastrukturu budoucnosti\",\"potentialAction\":[{\"@type\":\"SearchAction\",\"target\":{\"@type\":\"EntryPoint\",\"urlTemplate\":\"https:\/\/www.decci.cz\/?s={search_term_string}\"},\"query-input\":{\"@type\":\"PropertyValueSpecification\",\"valueRequired\":true,\"valueName\":\"search_term_string\"}}],\"inLanguage\":\"en-US\"},{\"@type\":\"Person\",\"@id\":\"https:\/\/www.decci.cz\/#\/schema\/person\/91ac48d1c425d9367b75c9f00f0c9326\",\"name\":\"veronika.dobiasova\",\"image\":{\"@type\":\"ImageObject\",\"inLanguage\":\"en-US\",\"@id\":\"https:\/\/www.decci.cz\/#\/schema\/person\/image\/\",\"url\":\"https:\/\/secure.gravatar.com\/avatar\/83f254009fba3506f6a9c6be5979a7a6b77e85d8619e2ba075c3483644f24ceb?s=96&d=mm&r=g\",\"contentUrl\":\"https:\/\/secure.gravatar.com\/avatar\/83f254009fba3506f6a9c6be5979a7a6b77e85d8619e2ba075c3483644f24ceb?s=96&d=mm&r=g\",\"caption\":\"veronika.dobiasova\"},\"url\":\"https:\/\/www.decci.cz\/en\/author\/veronika-dobiasova\/\"}]}<\/script>\n<!-- \/ Yoast SEO plugin. -->","yoast_head_json":{"title":"Wind Farm\u00a0Malet\u00edn: The combination of\u00a0wind and modern turbines - DECCI","robots":{"index":"index","follow":"follow","max-snippet":"max-snippet:-1","max-image-preview":"max-image-preview:large","max-video-preview":"max-video-preview:-1"},"canonical":"https:\/\/www.decci.cz\/en\/2025\/02\/24\/wind-farm-maletin-the-combination-of-wind-and-modern-turbines\/","og_locale":"en_US","og_type":"article","og_title":"Wind Farm\u00a0Malet\u00edn: The combination of\u00a0wind and modern turbines - DECCI","og_description":"We believe in decentralized sustainable energy solutions, expanding into wind energy is a natural evolution. Wind Farm Malet\u00edn is our first step into another exciting frontier. Why wind energy? Wind energy has great\u00a0potential across the Czech Republic, though some areas are naturally more\u00a0suitable than others. We\u00a0can predict and measure wind flow with high accuracy\u00a0to identify [&hellip;]","og_url":"https:\/\/www.decci.cz\/en\/2025\/02\/24\/wind-farm-maletin-the-combination-of-wind-and-modern-turbines\/","og_site_name":"DECCI","article_published_time":"2025-02-24T18:09:31+00:00","article_modified_time":"2025-02-24T18:09:59+00:00","og_image":[{"width":2560,"height":1920,"url":"https:\/\/www.decci.cz\/wp-content\/uploads\/2025\/02\/vetrna-elektrarna-scaled.jpg","type":"image\/jpeg"}],"author":"veronika.dobiasova","twitter_card":"summary_large_image","twitter_misc":{"Written by":"veronika.dobiasova","Est. reading time":"2 minutes"},"schema":{"@context":"https:\/\/schema.org","@graph":[{"@type":"WebPage","@id":"https:\/\/www.decci.cz\/en\/2025\/02\/24\/wind-farm-maletin-the-combination-of-wind-and-modern-turbines\/","url":"https:\/\/www.decci.cz\/en\/2025\/02\/24\/wind-farm-maletin-the-combination-of-wind-and-modern-turbines\/","name":"Wind Farm\u00a0Malet\u00edn: The combination of\u00a0wind and modern turbines - DECCI","isPartOf":{"@id":"https:\/\/www.decci.cz\/#website"},"primaryImageOfPage":{"@id":"https:\/\/www.decci.cz\/en\/2025\/02\/24\/wind-farm-maletin-the-combination-of-wind-and-modern-turbines\/#primaryimage"},"image":{"@id":"https:\/\/www.decci.cz\/en\/2025\/02\/24\/wind-farm-maletin-the-combination-of-wind-and-modern-turbines\/#primaryimage"},"thumbnailUrl":"https:\/\/www.decci.cz\/wp-content\/uploads\/2025\/02\/vetrna-elektrarna-scaled.jpg","datePublished":"2025-02-24T18:09:31+00:00","dateModified":"2025-02-24T18:09:59+00:00","author":{"@id":"https:\/\/www.decci.cz\/#\/schema\/person\/91ac48d1c425d9367b75c9f00f0c9326"},"breadcrumb":{"@id":"https:\/\/www.decci.cz\/en\/2025\/02\/24\/wind-farm-maletin-the-combination-of-wind-and-modern-turbines\/#breadcrumb"},"inLanguage":"en-US","potentialAction":[{"@type":"ReadAction","target":["https:\/\/www.decci.cz\/en\/2025\/02\/24\/wind-farm-maletin-the-combination-of-wind-and-modern-turbines\/"]}]},{"@type":"ImageObject","inLanguage":"en-US","@id":"https:\/\/www.decci.cz\/en\/2025\/02\/24\/wind-farm-maletin-the-combination-of-wind-and-modern-turbines\/#primaryimage","url":"https:\/\/www.decci.cz\/wp-content\/uploads\/2025\/02\/vetrna-elektrarna-scaled.jpg","contentUrl":"https:\/\/www.decci.cz\/wp-content\/uploads\/2025\/02\/vetrna-elektrarna-scaled.jpg","width":2560,"height":1920,"caption":"default"},{"@type":"BreadcrumbList","@id":"https:\/\/www.decci.cz\/en\/2025\/02\/24\/wind-farm-maletin-the-combination-of-wind-and-modern-turbines\/#breadcrumb","itemListElement":[{"@type":"ListItem","position":1,"name":"Dom\u016f","item":"https:\/\/www.decci.cz\/en\/"},{"@type":"ListItem","position":2,"name":"Wind Farm\u00a0Malet\u00edn: The combination of\u00a0wind and modern turbines"}]},{"@type":"WebSite","@id":"https:\/\/www.decci.cz\/#website","url":"https:\/\/www.decci.cz\/","name":"DECCI","description":"Vytv\u00e1\u0159\u00edme infrastrukturu budoucnosti","potentialAction":[{"@type":"SearchAction","target":{"@type":"EntryPoint","urlTemplate":"https:\/\/www.decci.cz\/?s={search_term_string}"},"query-input":{"@type":"PropertyValueSpecification","valueRequired":true,"valueName":"search_term_string"}}],"inLanguage":"en-US"},{"@type":"Person","@id":"https:\/\/www.decci.cz\/#\/schema\/person\/91ac48d1c425d9367b75c9f00f0c9326","name":"veronika.dobiasova","image":{"@type":"ImageObject","inLanguage":"en-US","@id":"https:\/\/www.decci.cz\/#\/schema\/person\/image\/","url":"https:\/\/secure.gravatar.com\/avatar\/83f254009fba3506f6a9c6be5979a7a6b77e85d8619e2ba075c3483644f24ceb?s=96&d=mm&r=g","contentUrl":"https:\/\/secure.gravatar.com\/avatar\/83f254009fba3506f6a9c6be5979a7a6b77e85d8619e2ba075c3483644f24ceb?s=96&d=mm&r=g","caption":"veronika.dobiasova"},"url":"https:\/\/www.decci.cz\/en\/author\/veronika-dobiasova\/"}]}},"_links":{"self":[{"href":"https:\/\/www.decci.cz\/en\/wp-json\/wp\/v2\/posts\/5222","targetHints":{"allow":["GET"]}}],"collection":[{"href":"https:\/\/www.decci.cz\/en\/wp-json\/wp\/v2\/posts"}],"about":[{"href":"https:\/\/www.decci.cz\/en\/wp-json\/wp\/v2\/types\/post"}],"author":[{"embeddable":true,"href":"https:\/\/www.decci.cz\/en\/wp-json\/wp\/v2\/users\/4"}],"replies":[{"embeddable":true,"href":"https:\/\/www.decci.cz\/en\/wp-json\/wp\/v2\/comments?post=5222"}],"version-history":[{"count":6,"href":"https:\/\/www.decci.cz\/en\/wp-json\/wp\/v2\/posts\/5222\/revisions"}],"predecessor-version":[{"id":5268,"href":"https:\/\/www.decci.cz\/en\/wp-json\/wp\/v2\/posts\/5222\/revisions\/5268"}],"wp:featuredmedia":[{"embeddable":true,"href":"https:\/\/www.decci.cz\/en\/wp-json\/wp\/v2\/media\/5224"}],"wp:attachment":[{"href":"https:\/\/www.decci.cz\/en\/wp-json\/wp\/v2\/media?parent=5222"}],"wp:term":[{"taxonomy":"category","embeddable":true,"href":"https:\/\/www.decci.cz\/en\/wp-json\/wp\/v2\/categories?post=5222"},{"taxonomy":"post_tag","embeddable":true,"href":"https:\/\/www.decci.cz\/en\/wp-json\/wp\/v2\/tags?post=5222"}],"curies":[{"name":"wp","href":"https:\/\/api.w.org\/{rel}","templated":true}]}}