{"id":3747,"date":"2014-04-25T05:18:25","date_gmt":"2014-04-25T03:18:25","guid":{"rendered":"https:\/\/www.decci.cz\/2014\/04\/25\/meeting-at-the-embassy-of-the-republic-of-namibia\/"},"modified":"2022-09-01T16:11:23","modified_gmt":"2022-09-01T14:11:23","slug":"meeting-at-the-embassy-of-the-republic-of-namibia","status":"publish","type":"post","link":"https:\/\/www.decci.cz\/en\/2014\/04\/25\/meeting-at-the-embassy-of-the-republic-of-namibia\/","title":{"rendered":"Meeting at the Embassy of the Republic of Namibia"},"content":{"rendered":"\t\t<div data-elementor-type=\"wp-post\" data-elementor-id=\"3747\" class=\"elementor elementor-3747 elementor-1858\" data-elementor-post-type=\"post\">\n\t\t\t\t\t\t<section class=\"elementor-section elementor-top-section elementor-element elementor-element-ec81367 elementor-section-boxed elementor-section-height-default elementor-section-height-default\" data-id=\"ec81367\" data-element_type=\"section\">\n\t\t\t\t\t\t<div class=\"elementor-container elementor-column-gap-default\">\n\t\t\t\t\t<div class=\"elementor-column elementor-col-100 elementor-top-column elementor-element elementor-element-98100be\" data-id=\"98100be\" data-element_type=\"column\">\n\t\t\t<div class=\"elementor-widget-wrap elementor-element-populated\">\n\t\t\t\t\t\t<div class=\"elementor-element elementor-element-0fa948f elementor-widget elementor-widget-text-editor\" data-id=\"0fa948f\" data-element_type=\"widget\" data-widget_type=\"text-editor.default\">\n\t\t\t\t<div class=\"elementor-widget-container\">\n\t\t\t\t\t\t\t\t\t<p>On the 25th of March 2014 representatives of company Decci a.s. held a meeting with the Ambassador of the Republic of Namibia, His Excellency Mr. Simon Madjumo Maruta, at the premises of Embassy of the Republic of Namibia in Vienna, Austria. Representatives of company Decci were accompanied by Mr Vil\u00e9m R\u016f\u017ei\u010dka, president of the South African-Czech Chamber of Commerce.<\/p>\t\t\t\t\t\t\t\t<\/div>\n\t\t\t\t<\/div>\n\t\t\t\t\t<\/div>\n\t\t<\/div>\n\t\t\t\t\t<\/div>\n\t\t<\/section>\n\t\t\t\t<section class=\"elementor-section elementor-top-section elementor-element elementor-element-2cce9e3 elementor-section-boxed elementor-section-height-default elementor-section-height-default\" data-id=\"2cce9e3\" data-element_type=\"section\">\n\t\t\t\t\t\t<div class=\"elementor-container elementor-column-gap-default\">\n\t\t\t\t\t<div class=\"elementor-column elementor-col-100 elementor-top-column elementor-element elementor-element-60670b9\" data-id=\"60670b9\" data-element_type=\"column\">\n\t\t\t<div class=\"elementor-widget-wrap elementor-element-populated\">\n\t\t\t\t\t\t<div class=\"elementor-element elementor-element-4a2f3e0 elementor-widget elementor-widget-text-editor\" data-id=\"4a2f3e0\" data-element_type=\"widget\" data-widget_type=\"text-editor.default\">\n\t\t\t\t<div class=\"elementor-widget-container\">\n\t\t\t\t\t\t\t\t\t<p>Meeting with His Excellency was in plan for a very long time with a purpose of introducing company Decci and its business intentions as well as to establish new and valuable contacts with representatives of the Republic of Namibia. Company Decci is in full preparation of its entry into this country richly endowed with sun, Decci\u2019s ambition is to become one of the independent energy producers and thus contribute to the energy self-sufficiency of this country. Meeting was very fruitful and in a short time business trip of representatives of company Decci to Namibia will follow.<\/p>\t\t\t\t\t\t\t\t<\/div>\n\t\t\t\t<\/div>\n\t\t\t\t<div class=\"elementor-element elementor-element-a54fcaa elementor-widget elementor-widget-gallery\" data-id=\"a54fcaa\" data-element_type=\"widget\" data-settings=\"{&quot;columns&quot;:2,&quot;gallery_layout&quot;:&quot;grid&quot;,&quot;columns_tablet&quot;:2,&quot;columns_mobile&quot;:1,&quot;gap&quot;:{&quot;unit&quot;:&quot;px&quot;,&quot;size&quot;:10,&quot;sizes&quot;:[]},&quot;gap_tablet&quot;:{&quot;unit&quot;:&quot;px&quot;,&quot;size&quot;:10,&quot;sizes&quot;:[]},&quot;gap_mobile&quot;:{&quot;unit&quot;:&quot;px&quot;,&quot;size&quot;:10,&quot;sizes&quot;:[]},&quot;link_to&quot;:&quot;file&quot;,&quot;aspect_ratio&quot;:&quot;3:2&quot;,&quot;overlay_background&quot;:&quot;yes&quot;,&quot;content_hover_animation&quot;:&quot;fade-in&quot;}\" data-widget_type=\"gallery.default\">\n\t\t\t\t<div class=\"elementor-widget-container\">\n\t\t\t\t\t\t\t<div class=\"elementor-gallery__container\">\n\t\t\t\t\t\t\t<a class=\"e-gallery-item elementor-gallery-item elementor-animated-content\" href=\"https:\/\/www.decci.cz\/wp-content\/uploads\/2014\/04\/decci-namibie-2-1030x773-1.jpeg\" data-elementor-open-lightbox=\"yes\" data-elementor-lightbox-slideshow=\"a54fcaa\" data-e-action-hash=\"#elementor-action%3Aaction%3Dlightbox%26settings%3DeyJpZCI6MTg2MSwidXJsIjoiaHR0cHM6XC9cL3d3dy5kZWNjaS5jelwvd3AtY29udGVudFwvdXBsb2Fkc1wvMjAxNFwvMDRcL2RlY2NpLW5hbWliaWUtMi0xMDMweDc3My0xLmpwZWciLCJzbGlkZXNob3ciOiJhNTRmY2FhIn0%3D\">\n\t\t\t\t\t<div class=\"e-gallery-image elementor-gallery-item__image\" data-thumbnail=\"https:\/\/www.decci.cz\/wp-content\/uploads\/2014\/04\/decci-namibie-2-1030x773-1.jpeg\" data-width=\"1030\" data-height=\"773\" aria-label=\"\" role=\"img\" ><\/div>\n\t\t\t\t\t\t\t\t\t\t\t<div class=\"elementor-gallery-item__overlay\"><\/div>\n\t\t\t\t\t\t\t\t\t\t\t\t\t\t<\/a>\n\t\t\t\t\t\t\t<a class=\"e-gallery-item elementor-gallery-item elementor-animated-content\" href=\"https:\/\/www.decci.cz\/wp-content\/uploads\/2014\/04\/image-02-1030x773-1.jpeg\" data-elementor-open-lightbox=\"yes\" data-elementor-lightbox-slideshow=\"a54fcaa\" data-e-action-hash=\"#elementor-action%3Aaction%3Dlightbox%26settings%3DeyJpZCI6MTg2MCwidXJsIjoiaHR0cHM6XC9cL3d3dy5kZWNjaS5jelwvd3AtY29udGVudFwvdXBsb2Fkc1wvMjAxNFwvMDRcL2ltYWdlLTAyLTEwMzB4NzczLTEuanBlZyIsInNsaWRlc2hvdyI6ImE1NGZjYWEifQ%3D%3D\">\n\t\t\t\t\t<div class=\"e-gallery-image elementor-gallery-item__image\" data-thumbnail=\"https:\/\/www.decci.cz\/wp-content\/uploads\/2014\/04\/image-02-1030x773-1.jpeg\" data-width=\"1030\" data-height=\"773\" aria-label=\"\" role=\"img\" ><\/div>\n\t\t\t\t\t\t\t\t\t\t\t<div class=\"elementor-gallery-item__overlay\"><\/div>\n\t\t\t\t\t\t\t\t\t\t\t\t\t\t<\/a>\n\t\t\t\t\t<\/div>\n\t\t\t\t\t<\/div>\n\t\t\t\t<\/div>\n\t\t\t\t\t<\/div>\n\t\t<\/div>\n\t\t\t\t\t<\/div>\n\t\t<\/section>\n\t\t\t\t<\/div>\n\t\t","protected":false},"excerpt":{"rendered":"<p>On the 25th of March 2014 representatives of company Decci a.s. held a meeting with the Ambassador of the Republic of Namibia, His Excellency Mr. Simon Madjumo Maruta, at the premises of Embassy of the Republic of Namibia in Vienna, Austria. Representatives of company Decci were accompanied by Mr Vil\u00e9m R\u016f\u017ei\u010dka, president of the South [&hellip;]<\/p>\n","protected":false},"author":2,"featured_media":3491,"comment_status":"closed","ping_status":"closed","sticky":false,"template":"elementor_theme","format":"standard","meta":{"footnotes":""},"categories":[201],"tags":[210,286,287,245,288,248,289,290,291,292,293,294,253],"class_list":["post-3747","post","type-post","status-publish","format-standard","has-post-thumbnail","hentry","category-news","tag-decci-en","tag-energeticka-sobestacnost-en","tag-energeticke-zdroje-en","tag-energetika-en","tag-energie-en","tag-jihoafricko-ceska-obchodni-a-prumyslova-komora-en","tag-namibie-en","tag-namibijska-republika-en","tag-rakousko-en","tag-simon-madjumo-maruta-en","tag-solarni-energie-en","tag-viden-en","tag-vilem-ruzicka-en"],"yoast_head":"<!-- This site is optimized with the Yoast SEO plugin v25.3.1 - https:\/\/yoast.com\/wordpress\/plugins\/seo\/ -->\n<title>Meeting at the Embassy of the Republic of Namibia - DECCI<\/title>\n<meta name=\"robots\" content=\"index, follow, max-snippet:-1, max-image-preview:large, max-video-preview:-1\" \/>\n<link rel=\"canonical\" href=\"https:\/\/www.decci.cz\/2014\/04\/25\/setkani-s-ambasadorem-namibijske-republiky\/\" \/>\n<meta property=\"og:locale\" content=\"en_US\" \/>\n<meta property=\"og:type\" content=\"article\" \/>\n<meta property=\"og:title\" content=\"Meeting at the Embassy of the Republic of Namibia - DECCI\" \/>\n<meta property=\"og:description\" content=\"On the 25th of March 2014 representatives of company Decci a.s. held a meeting with the Ambassador of the Republic of Namibia, His Excellency Mr. Simon Madjumo Maruta, at the premises of Embassy of the Republic of Namibia in Vienna, Austria. Representatives of company Decci were accompanied by Mr Vil\u00e9m R\u016f\u017ei\u010dka, president of the South [&hellip;]\" \/>\n<meta property=\"og:url\" content=\"https:\/\/www.decci.cz\/2014\/04\/25\/setkani-s-ambasadorem-namibijske-republiky\/\" \/>\n<meta property=\"og:site_name\" content=\"DECCI\" \/>\n<meta property=\"article:published_time\" content=\"2014-04-25T03:18:25+00:00\" \/>\n<meta property=\"article:modified_time\" content=\"2022-09-01T14:11:23+00:00\" \/>\n<meta property=\"og:image\" content=\"https:\/\/www.decci.cz\/wp-content\/uploads\/2014\/04\/decci-namibie-2-1030x773-1.jpeg\" \/>\n\t<meta property=\"og:image:width\" content=\"1030\" \/>\n\t<meta property=\"og:image:height\" content=\"773\" \/>\n\t<meta property=\"og:image:type\" content=\"image\/jpeg\" \/>\n<meta name=\"author\" content=\"Petra \u010can\u00edkov\u00e1\" \/>\n<meta name=\"twitter:card\" content=\"summary_large_image\" \/>\n<meta name=\"twitter:label1\" content=\"Written by\" \/>\n\t<meta name=\"twitter:data1\" content=\"Petra \u010can\u00edkov\u00e1\" \/>\n\t<meta name=\"twitter:label2\" content=\"Est. reading time\" \/>\n\t<meta name=\"twitter:data2\" content=\"1 minute\" \/>\n<script type=\"application\/ld+json\" class=\"yoast-schema-graph\">{\"@context\":\"https:\/\/schema.org\",\"@graph\":[{\"@type\":\"WebPage\",\"@id\":\"https:\/\/www.decci.cz\/2014\/04\/25\/setkani-s-ambasadorem-namibijske-republiky\/\",\"url\":\"https:\/\/www.decci.cz\/2014\/04\/25\/setkani-s-ambasadorem-namibijske-republiky\/\",\"name\":\"Meeting at the Embassy of the Republic of Namibia - DECCI\",\"isPartOf\":{\"@id\":\"https:\/\/www.decci.cz\/#website\"},\"primaryImageOfPage\":{\"@id\":\"https:\/\/www.decci.cz\/2014\/04\/25\/setkani-s-ambasadorem-namibijske-republiky\/#primaryimage\"},\"image\":{\"@id\":\"https:\/\/www.decci.cz\/2014\/04\/25\/setkani-s-ambasadorem-namibijske-republiky\/#primaryimage\"},\"thumbnailUrl\":\"https:\/\/www.decci.cz\/wp-content\/uploads\/2014\/04\/decci-namibie-2-1030x773-1.jpeg\",\"datePublished\":\"2014-04-25T03:18:25+00:00\",\"dateModified\":\"2022-09-01T14:11:23+00:00\",\"author\":{\"@id\":\"https:\/\/www.decci.cz\/#\/schema\/person\/6f40792b7fe29cb5f0a58177e4994e82\"},\"breadcrumb\":{\"@id\":\"https:\/\/www.decci.cz\/2014\/04\/25\/setkani-s-ambasadorem-namibijske-republiky\/#breadcrumb\"},\"inLanguage\":\"en-US\",\"potentialAction\":[{\"@type\":\"ReadAction\",\"target\":[\"https:\/\/www.decci.cz\/2014\/04\/25\/setkani-s-ambasadorem-namibijske-republiky\/\"]}]},{\"@type\":\"ImageObject\",\"inLanguage\":\"en-US\",\"@id\":\"https:\/\/www.decci.cz\/2014\/04\/25\/setkani-s-ambasadorem-namibijske-republiky\/#primaryimage\",\"url\":\"https:\/\/www.decci.cz\/wp-content\/uploads\/2014\/04\/decci-namibie-2-1030x773-1.jpeg\",\"contentUrl\":\"https:\/\/www.decci.cz\/wp-content\/uploads\/2014\/04\/decci-namibie-2-1030x773-1.jpeg\",\"width\":1030,\"height\":773},{\"@type\":\"BreadcrumbList\",\"@id\":\"https:\/\/www.decci.cz\/2014\/04\/25\/setkani-s-ambasadorem-namibijske-republiky\/#breadcrumb\",\"itemListElement\":[{\"@type\":\"ListItem\",\"position\":1,\"name\":\"Dom\u016f\",\"item\":\"https:\/\/www.decci.cz\/en\/\"},{\"@type\":\"ListItem\",\"position\":2,\"name\":\"Meeting at the Embassy of the Republic of Namibia\"}]},{\"@type\":\"WebSite\",\"@id\":\"https:\/\/www.decci.cz\/#website\",\"url\":\"https:\/\/www.decci.cz\/\",\"name\":\"DECCI\",\"description\":\"Vytv\u00e1\u0159\u00edme infrastrukturu budoucnosti\",\"potentialAction\":[{\"@type\":\"SearchAction\",\"target\":{\"@type\":\"EntryPoint\",\"urlTemplate\":\"https:\/\/www.decci.cz\/?s={search_term_string}\"},\"query-input\":{\"@type\":\"PropertyValueSpecification\",\"valueRequired\":true,\"valueName\":\"search_term_string\"}}],\"inLanguage\":\"en-US\"},{\"@type\":\"Person\",\"@id\":\"https:\/\/www.decci.cz\/#\/schema\/person\/6f40792b7fe29cb5f0a58177e4994e82\",\"name\":\"Petra \u010can\u00edkov\u00e1\",\"image\":{\"@type\":\"ImageObject\",\"inLanguage\":\"en-US\",\"@id\":\"https:\/\/www.decci.cz\/#\/schema\/person\/image\/\",\"url\":\"https:\/\/secure.gravatar.com\/avatar\/ffdc5d087af33ea1ea814d763967f7af0534ef4eb87d8380cd31c47d02192c66?s=96&d=mm&r=g\",\"contentUrl\":\"https:\/\/secure.gravatar.com\/avatar\/ffdc5d087af33ea1ea814d763967f7af0534ef4eb87d8380cd31c47d02192c66?s=96&d=mm&r=g\",\"caption\":\"Petra \u010can\u00edkov\u00e1\"},\"sameAs\":[\"http:\/\/www.plusdesign.cz\"],\"url\":\"https:\/\/www.decci.cz\/en\/author\/petra-canikova\/\"}]}<\/script>\n<!-- \/ Yoast SEO plugin. -->","yoast_head_json":{"title":"Meeting at the Embassy of the Republic of Namibia - DECCI","robots":{"index":"index","follow":"follow","max-snippet":"max-snippet:-1","max-image-preview":"max-image-preview:large","max-video-preview":"max-video-preview:-1"},"canonical":"https:\/\/www.decci.cz\/2014\/04\/25\/setkani-s-ambasadorem-namibijske-republiky\/","og_locale":"en_US","og_type":"article","og_title":"Meeting at the Embassy of the Republic of Namibia - DECCI","og_description":"On the 25th of March 2014 representatives of company Decci a.s. held a meeting with the Ambassador of the Republic of Namibia, His Excellency Mr. Simon Madjumo Maruta, at the premises of Embassy of the Republic of Namibia in Vienna, Austria. Representatives of company Decci were accompanied by Mr Vil\u00e9m R\u016f\u017ei\u010dka, president of the South [&hellip;]","og_url":"https:\/\/www.decci.cz\/2014\/04\/25\/setkani-s-ambasadorem-namibijske-republiky\/","og_site_name":"DECCI","article_published_time":"2014-04-25T03:18:25+00:00","article_modified_time":"2022-09-01T14:11:23+00:00","og_image":[{"width":1030,"height":773,"url":"https:\/\/www.decci.cz\/wp-content\/uploads\/2014\/04\/decci-namibie-2-1030x773-1.jpeg","type":"image\/jpeg"}],"author":"Petra \u010can\u00edkov\u00e1","twitter_card":"summary_large_image","twitter_misc":{"Written by":"Petra \u010can\u00edkov\u00e1","Est. reading time":"1 minute"},"schema":{"@context":"https:\/\/schema.org","@graph":[{"@type":"WebPage","@id":"https:\/\/www.decci.cz\/2014\/04\/25\/setkani-s-ambasadorem-namibijske-republiky\/","url":"https:\/\/www.decci.cz\/2014\/04\/25\/setkani-s-ambasadorem-namibijske-republiky\/","name":"Meeting at the Embassy of the Republic of Namibia - DECCI","isPartOf":{"@id":"https:\/\/www.decci.cz\/#website"},"primaryImageOfPage":{"@id":"https:\/\/www.decci.cz\/2014\/04\/25\/setkani-s-ambasadorem-namibijske-republiky\/#primaryimage"},"image":{"@id":"https:\/\/www.decci.cz\/2014\/04\/25\/setkani-s-ambasadorem-namibijske-republiky\/#primaryimage"},"thumbnailUrl":"https:\/\/www.decci.cz\/wp-content\/uploads\/2014\/04\/decci-namibie-2-1030x773-1.jpeg","datePublished":"2014-04-25T03:18:25+00:00","dateModified":"2022-09-01T14:11:23+00:00","author":{"@id":"https:\/\/www.decci.cz\/#\/schema\/person\/6f40792b7fe29cb5f0a58177e4994e82"},"breadcrumb":{"@id":"https:\/\/www.decci.cz\/2014\/04\/25\/setkani-s-ambasadorem-namibijske-republiky\/#breadcrumb"},"inLanguage":"en-US","potentialAction":[{"@type":"ReadAction","target":["https:\/\/www.decci.cz\/2014\/04\/25\/setkani-s-ambasadorem-namibijske-republiky\/"]}]},{"@type":"ImageObject","inLanguage":"en-US","@id":"https:\/\/www.decci.cz\/2014\/04\/25\/setkani-s-ambasadorem-namibijske-republiky\/#primaryimage","url":"https:\/\/www.decci.cz\/wp-content\/uploads\/2014\/04\/decci-namibie-2-1030x773-1.jpeg","contentUrl":"https:\/\/www.decci.cz\/wp-content\/uploads\/2014\/04\/decci-namibie-2-1030x773-1.jpeg","width":1030,"height":773},{"@type":"BreadcrumbList","@id":"https:\/\/www.decci.cz\/2014\/04\/25\/setkani-s-ambasadorem-namibijske-republiky\/#breadcrumb","itemListElement":[{"@type":"ListItem","position":1,"name":"Dom\u016f","item":"https:\/\/www.decci.cz\/en\/"},{"@type":"ListItem","position":2,"name":"Meeting at the Embassy of the Republic of Namibia"}]},{"@type":"WebSite","@id":"https:\/\/www.decci.cz\/#website","url":"https:\/\/www.decci.cz\/","name":"DECCI","description":"Vytv\u00e1\u0159\u00edme infrastrukturu budoucnosti","potentialAction":[{"@type":"SearchAction","target":{"@type":"EntryPoint","urlTemplate":"https:\/\/www.decci.cz\/?s={search_term_string}"},"query-input":{"@type":"PropertyValueSpecification","valueRequired":true,"valueName":"search_term_string"}}],"inLanguage":"en-US"},{"@type":"Person","@id":"https:\/\/www.decci.cz\/#\/schema\/person\/6f40792b7fe29cb5f0a58177e4994e82","name":"Petra \u010can\u00edkov\u00e1","image":{"@type":"ImageObject","inLanguage":"en-US","@id":"https:\/\/www.decci.cz\/#\/schema\/person\/image\/","url":"https:\/\/secure.gravatar.com\/avatar\/ffdc5d087af33ea1ea814d763967f7af0534ef4eb87d8380cd31c47d02192c66?s=96&d=mm&r=g","contentUrl":"https:\/\/secure.gravatar.com\/avatar\/ffdc5d087af33ea1ea814d763967f7af0534ef4eb87d8380cd31c47d02192c66?s=96&d=mm&r=g","caption":"Petra \u010can\u00edkov\u00e1"},"sameAs":["http:\/\/www.plusdesign.cz"],"url":"https:\/\/www.decci.cz\/en\/author\/petra-canikova\/"}]}},"_links":{"self":[{"href":"https:\/\/www.decci.cz\/en\/wp-json\/wp\/v2\/posts\/3747","targetHints":{"allow":["GET"]}}],"collection":[{"href":"https:\/\/www.decci.cz\/en\/wp-json\/wp\/v2\/posts"}],"about":[{"href":"https:\/\/www.decci.cz\/en\/wp-json\/wp\/v2\/types\/post"}],"author":[{"embeddable":true,"href":"https:\/\/www.decci.cz\/en\/wp-json\/wp\/v2\/users\/2"}],"replies":[{"embeddable":true,"href":"https:\/\/www.decci.cz\/en\/wp-json\/wp\/v2\/comments?post=3747"}],"version-history":[{"count":1,"href":"https:\/\/www.decci.cz\/en\/wp-json\/wp\/v2\/posts\/3747\/revisions"}],"predecessor-version":[{"id":3748,"href":"https:\/\/www.decci.cz\/en\/wp-json\/wp\/v2\/posts\/3747\/revisions\/3748"}],"wp:featuredmedia":[{"embeddable":true,"href":"https:\/\/www.decci.cz\/en\/wp-json\/wp\/v2\/media\/3491"}],"wp:attachment":[{"href":"https:\/\/www.decci.cz\/en\/wp-json\/wp\/v2\/media?parent=3747"}],"wp:term":[{"taxonomy":"category","embeddable":true,"href":"https:\/\/www.decci.cz\/en\/wp-json\/wp\/v2\/categories?post=3747"},{"taxonomy":"post_tag","embeddable":true,"href":"https:\/\/www.decci.cz\/en\/wp-json\/wp\/v2\/tags?post=3747"}],"curies":[{"name":"wp","href":"https:\/\/api.w.org\/{rel}","templated":true}]}}