{"id":3745,"date":"2014-04-24T22:12:03","date_gmt":"2014-04-24T20:12:03","guid":{"rendered":"https:\/\/www.decci.cz\/2014\/04\/24\/field-trip-to-pv-veprek\/"},"modified":"2022-09-01T16:09:31","modified_gmt":"2022-09-01T14:09:31","slug":"field-trip-to-pv-veprek","status":"publish","type":"post","link":"https:\/\/www.decci.cz\/en\/2014\/04\/24\/field-trip-to-pv-veprek\/","title":{"rendered":"Field trip to PV Vep\u0159ek"},"content":{"rendered":"\t\t<div data-elementor-type=\"wp-post\" data-elementor-id=\"3745\" class=\"elementor elementor-3745 elementor-1866\" data-elementor-post-type=\"post\">\n\t\t\t\t\t\t<section class=\"elementor-section elementor-top-section elementor-element elementor-element-1a72c53 elementor-section-boxed elementor-section-height-default elementor-section-height-default\" data-id=\"1a72c53\" data-element_type=\"section\">\n\t\t\t\t\t\t<div class=\"elementor-container elementor-column-gap-default\">\n\t\t\t\t\t<div class=\"elementor-column elementor-col-100 elementor-top-column elementor-element elementor-element-6beb44e\" data-id=\"6beb44e\" data-element_type=\"column\">\n\t\t\t<div class=\"elementor-widget-wrap elementor-element-populated\">\n\t\t\t\t\t\t<div class=\"elementor-element elementor-element-819711e elementor-widget elementor-widget-text-editor\" data-id=\"819711e\" data-element_type=\"widget\" data-widget_type=\"text-editor.default\">\n\t\t\t\t<div class=\"elementor-widget-container\">\n\t\t\t\t\t\t\t\t\t<p>Company Decci a.s. was approached by company Spole\u010dnost pro vzd\u011bl\u00e1v\u00e1n\u00ed a v\u00fdzkum s.r.o. (Company for education and research Ltd.) with an inquiry if it would be possible to do a field trip to the PV Veprek. Company Spole\u010dnost pro vzd\u011bl\u00e1n\u00ed a v\u00fdzkum s.r.o. focuses on educational improvement and enrichment of the public (across the age groups) via its educational projects aimed on different areas of expertise.<\/p>\t\t\t\t\t\t\t\t<\/div>\n\t\t\t\t<\/div>\n\t\t\t\t\t<\/div>\n\t\t<\/div>\n\t\t\t\t\t<\/div>\n\t\t<\/section>\n\t\t\t\t<section class=\"elementor-section elementor-top-section elementor-element elementor-element-f0f31c2 elementor-section-boxed elementor-section-height-default elementor-section-height-default\" data-id=\"f0f31c2\" data-element_type=\"section\">\n\t\t\t\t\t\t<div class=\"elementor-container elementor-column-gap-default\">\n\t\t\t\t\t<div class=\"elementor-column elementor-col-100 elementor-top-column elementor-element elementor-element-f4f66c3\" data-id=\"f4f66c3\" data-element_type=\"column\">\n\t\t\t<div class=\"elementor-widget-wrap elementor-element-populated\">\n\t\t\t\t\t\t<div class=\"elementor-element elementor-element-3054a66 elementor-widget elementor-widget-text-editor\" data-id=\"3054a66\" data-element_type=\"widget\" data-widget_type=\"text-editor.default\">\n\t\t\t\t<div class=\"elementor-widget-container\">\n\t\t\t\t\t\t\t\t\t<p>Company Decci was pleased with interest of public to get acquainted with the operation and maintenance of the PV Veprek and thus on the 28th of March 2014 Decci welcomed group of teachers from ground schools and high schools in the premises of the PV plant. The visit of the PV plant was accompanied by a professional presentation of the project manager who stands behind the design and technical solution of the PV plant and the maintenance crew which takes care of day to day operation and maintenance.<\/p>\t\t\t\t\t\t\t\t<\/div>\n\t\t\t\t<\/div>\n\t\t\t\t<div class=\"elementor-element elementor-element-3947fda elementor-widget elementor-widget-gallery\" data-id=\"3947fda\" data-element_type=\"widget\" data-settings=\"{&quot;columns&quot;:3,&quot;gallery_layout&quot;:&quot;grid&quot;,&quot;columns_tablet&quot;:2,&quot;columns_mobile&quot;:1,&quot;gap&quot;:{&quot;unit&quot;:&quot;px&quot;,&quot;size&quot;:10,&quot;sizes&quot;:[]},&quot;gap_tablet&quot;:{&quot;unit&quot;:&quot;px&quot;,&quot;size&quot;:10,&quot;sizes&quot;:[]},&quot;gap_mobile&quot;:{&quot;unit&quot;:&quot;px&quot;,&quot;size&quot;:10,&quot;sizes&quot;:[]},&quot;link_to&quot;:&quot;file&quot;,&quot;aspect_ratio&quot;:&quot;3:2&quot;,&quot;overlay_background&quot;:&quot;yes&quot;,&quot;content_hover_animation&quot;:&quot;fade-in&quot;}\" data-widget_type=\"gallery.default\">\n\t\t\t\t<div class=\"elementor-widget-container\">\n\t\t\t\t\t\t\t<div class=\"elementor-gallery__container\">\n\t\t\t\t\t\t\t<a class=\"e-gallery-item elementor-gallery-item elementor-animated-content\" href=\"https:\/\/www.decci.cz\/wp-content\/uploads\/2014\/04\/fvk-21-1030x685-1.jpeg\" data-elementor-open-lightbox=\"yes\" data-elementor-lightbox-slideshow=\"3947fda\" data-e-action-hash=\"#elementor-action%3Aaction%3Dlightbox%26settings%3DeyJpZCI6MTg2OCwidXJsIjoiaHR0cHM6XC9cL3d3dy5kZWNjaS5jelwvd3AtY29udGVudFwvdXBsb2Fkc1wvMjAxNFwvMDRcL2Z2ay0yMS0xMDMweDY4NS0xLmpwZWciLCJzbGlkZXNob3ciOiIzOTQ3ZmRhIn0%3D\">\n\t\t\t\t\t<div class=\"e-gallery-image elementor-gallery-item__image\" data-thumbnail=\"https:\/\/www.decci.cz\/wp-content\/uploads\/2014\/04\/fvk-21-1030x685-1.jpeg\" data-width=\"1030\" data-height=\"685\" aria-label=\"\" role=\"img\" ><\/div>\n\t\t\t\t\t\t\t\t\t\t\t<div class=\"elementor-gallery-item__overlay\"><\/div>\n\t\t\t\t\t\t\t\t\t\t\t\t\t\t<\/a>\n\t\t\t\t\t\t\t<a class=\"e-gallery-item elementor-gallery-item elementor-animated-content\" href=\"https:\/\/www.decci.cz\/wp-content\/uploads\/2014\/04\/fvk-36-1030x685-1.jpeg\" data-elementor-open-lightbox=\"yes\" data-elementor-lightbox-slideshow=\"3947fda\" data-e-action-hash=\"#elementor-action%3Aaction%3Dlightbox%26settings%3DeyJpZCI6MTg2OSwidXJsIjoiaHR0cHM6XC9cL3d3dy5kZWNjaS5jelwvd3AtY29udGVudFwvdXBsb2Fkc1wvMjAxNFwvMDRcL2Z2ay0zNi0xMDMweDY4NS0xLmpwZWciLCJzbGlkZXNob3ciOiIzOTQ3ZmRhIn0%3D\">\n\t\t\t\t\t<div class=\"e-gallery-image elementor-gallery-item__image\" data-thumbnail=\"https:\/\/www.decci.cz\/wp-content\/uploads\/2014\/04\/fvk-36-1030x685-1.jpeg\" data-width=\"1030\" data-height=\"685\" aria-label=\"\" role=\"img\" ><\/div>\n\t\t\t\t\t\t\t\t\t\t\t<div class=\"elementor-gallery-item__overlay\"><\/div>\n\t\t\t\t\t\t\t\t\t\t\t\t\t\t<\/a>\n\t\t\t\t\t\t\t<a class=\"e-gallery-item elementor-gallery-item elementor-animated-content\" href=\"https:\/\/www.decci.cz\/wp-content\/uploads\/2014\/04\/fvk-exkurze-veprek-1030x685-1.jpeg\" data-elementor-open-lightbox=\"yes\" data-elementor-lightbox-slideshow=\"3947fda\" data-e-action-hash=\"#elementor-action%3Aaction%3Dlightbox%26settings%3DeyJpZCI6MTg3MCwidXJsIjoiaHR0cHM6XC9cL3d3dy5kZWNjaS5jelwvd3AtY29udGVudFwvdXBsb2Fkc1wvMjAxNFwvMDRcL2Z2ay1leGt1cnplLXZlcHJlay0xMDMweDY4NS0xLmpwZWciLCJzbGlkZXNob3ciOiIzOTQ3ZmRhIn0%3D\">\n\t\t\t\t\t<div class=\"e-gallery-image elementor-gallery-item__image\" data-thumbnail=\"https:\/\/www.decci.cz\/wp-content\/uploads\/2014\/04\/fvk-exkurze-veprek-1030x685-1.jpeg\" data-width=\"1030\" data-height=\"685\" aria-label=\"\" role=\"img\" ><\/div>\n\t\t\t\t\t\t\t\t\t\t\t<div class=\"elementor-gallery-item__overlay\"><\/div>\n\t\t\t\t\t\t\t\t\t\t\t\t\t\t<\/a>\n\t\t\t\t\t<\/div>\n\t\t\t\t\t<\/div>\n\t\t\t\t<\/div>\n\t\t\t\t\t<\/div>\n\t\t<\/div>\n\t\t\t\t\t<\/div>\n\t\t<\/section>\n\t\t\t\t<\/div>\n\t\t","protected":false},"excerpt":{"rendered":"<p>Company Decci a.s. was approached by company Spole\u010dnost pro vzd\u011bl\u00e1v\u00e1n\u00ed a v\u00fdzkum s.r.o. (Company for education and research Ltd.) with an inquiry if it would be possible to do a field trip to the PV Veprek. Company Spole\u010dnost pro vzd\u011bl\u00e1n\u00ed a v\u00fdzkum s.r.o. focuses on educational improvement and enrichment of the public (across the age [&hellip;]<\/p>\n","protected":false},"author":2,"featured_media":3492,"comment_status":"closed","ping_status":"closed","sticky":false,"template":"elementor_theme","format":"standard","meta":{"footnotes":""},"categories":[206,201,203],"tags":[210,282,281,217,215,218,216,283,284,285],"class_list":["post-3745","post","type-post","status-publish","format-standard","has-post-thumbnail","hentry","category-education","category-news","category-social-responsibility","tag-decci-en","tag-exkurze-en","tag-provoz-fotovoltaicke-elektrarny-en","tag-pvp-en","tag-pvp","tag-pvp-veprek","tag-pvps","tag-spolecnost-pro-vzdelavani-a-vyzkum-s-r-o-en","tag-technicke-reseni-elektrarny-en","tag-technicke-reseni-fotovoltaicke-elektrarny-en"],"yoast_head":"<!-- This site is optimized with the Yoast SEO plugin v25.3.1 - https:\/\/yoast.com\/wordpress\/plugins\/seo\/ -->\n<title>Field trip to PV Vep\u0159ek - DECCI<\/title>\n<meta name=\"robots\" content=\"index, follow, max-snippet:-1, max-image-preview:large, max-video-preview:-1\" \/>\n<link rel=\"canonical\" href=\"https:\/\/www.decci.cz\/en\/2014\/04\/24\/field-trip-to-pv-veprek\/\" \/>\n<meta property=\"og:locale\" content=\"en_US\" \/>\n<meta property=\"og:type\" content=\"article\" \/>\n<meta property=\"og:title\" content=\"Field trip to PV Vep\u0159ek - DECCI\" \/>\n<meta property=\"og:description\" content=\"Company Decci a.s. was approached by company Spole\u010dnost pro vzd\u011bl\u00e1v\u00e1n\u00ed a v\u00fdzkum s.r.o. (Company for education and research Ltd.) with an inquiry if it would be possible to do a field trip to the PV Veprek. Company Spole\u010dnost pro vzd\u011bl\u00e1n\u00ed a v\u00fdzkum s.r.o. focuses on educational improvement and enrichment of the public (across the age [&hellip;]\" \/>\n<meta property=\"og:url\" content=\"https:\/\/www.decci.cz\/en\/2014\/04\/24\/field-trip-to-pv-veprek\/\" \/>\n<meta property=\"og:site_name\" content=\"DECCI\" \/>\n<meta property=\"article:published_time\" content=\"2014-04-24T20:12:03+00:00\" \/>\n<meta property=\"article:modified_time\" content=\"2022-09-01T14:09:31+00:00\" \/>\n<meta property=\"og:image\" content=\"https:\/\/www.decci.cz\/wp-content\/uploads\/2014\/04\/fvk-21-1030x685-1.jpeg\" \/>\n\t<meta property=\"og:image:width\" content=\"1030\" \/>\n\t<meta property=\"og:image:height\" content=\"685\" \/>\n\t<meta property=\"og:image:type\" content=\"image\/jpeg\" \/>\n<meta name=\"author\" content=\"Petra \u010can\u00edkov\u00e1\" \/>\n<meta name=\"twitter:card\" content=\"summary_large_image\" \/>\n<meta name=\"twitter:label1\" content=\"Written by\" \/>\n\t<meta name=\"twitter:data1\" content=\"Petra \u010can\u00edkov\u00e1\" \/>\n\t<meta name=\"twitter:label2\" content=\"Est. reading time\" \/>\n\t<meta name=\"twitter:data2\" content=\"1 minute\" \/>\n<script type=\"application\/ld+json\" class=\"yoast-schema-graph\">{\"@context\":\"https:\/\/schema.org\",\"@graph\":[{\"@type\":\"WebPage\",\"@id\":\"https:\/\/www.decci.cz\/en\/2014\/04\/24\/field-trip-to-pv-veprek\/\",\"url\":\"https:\/\/www.decci.cz\/en\/2014\/04\/24\/field-trip-to-pv-veprek\/\",\"name\":\"Field trip to PV Vep\u0159ek - DECCI\",\"isPartOf\":{\"@id\":\"https:\/\/www.decci.cz\/#website\"},\"primaryImageOfPage\":{\"@id\":\"https:\/\/www.decci.cz\/en\/2014\/04\/24\/field-trip-to-pv-veprek\/#primaryimage\"},\"image\":{\"@id\":\"https:\/\/www.decci.cz\/en\/2014\/04\/24\/field-trip-to-pv-veprek\/#primaryimage\"},\"thumbnailUrl\":\"https:\/\/www.decci.cz\/wp-content\/uploads\/2014\/04\/fvk-21-1030x685-1.jpeg\",\"datePublished\":\"2014-04-24T20:12:03+00:00\",\"dateModified\":\"2022-09-01T14:09:31+00:00\",\"author\":{\"@id\":\"https:\/\/www.decci.cz\/#\/schema\/person\/6f40792b7fe29cb5f0a58177e4994e82\"},\"breadcrumb\":{\"@id\":\"https:\/\/www.decci.cz\/en\/2014\/04\/24\/field-trip-to-pv-veprek\/#breadcrumb\"},\"inLanguage\":\"en-US\",\"potentialAction\":[{\"@type\":\"ReadAction\",\"target\":[\"https:\/\/www.decci.cz\/en\/2014\/04\/24\/field-trip-to-pv-veprek\/\"]}]},{\"@type\":\"ImageObject\",\"inLanguage\":\"en-US\",\"@id\":\"https:\/\/www.decci.cz\/en\/2014\/04\/24\/field-trip-to-pv-veprek\/#primaryimage\",\"url\":\"https:\/\/www.decci.cz\/wp-content\/uploads\/2014\/04\/fvk-21-1030x685-1.jpeg\",\"contentUrl\":\"https:\/\/www.decci.cz\/wp-content\/uploads\/2014\/04\/fvk-21-1030x685-1.jpeg\",\"width\":1030,\"height\":685},{\"@type\":\"BreadcrumbList\",\"@id\":\"https:\/\/www.decci.cz\/en\/2014\/04\/24\/field-trip-to-pv-veprek\/#breadcrumb\",\"itemListElement\":[{\"@type\":\"ListItem\",\"position\":1,\"name\":\"Dom\u016f\",\"item\":\"https:\/\/www.decci.cz\/en\/\"},{\"@type\":\"ListItem\",\"position\":2,\"name\":\"Field trip to PV Vep\u0159ek\"}]},{\"@type\":\"WebSite\",\"@id\":\"https:\/\/www.decci.cz\/#website\",\"url\":\"https:\/\/www.decci.cz\/\",\"name\":\"DECCI\",\"description\":\"Vytv\u00e1\u0159\u00edme infrastrukturu budoucnosti\",\"potentialAction\":[{\"@type\":\"SearchAction\",\"target\":{\"@type\":\"EntryPoint\",\"urlTemplate\":\"https:\/\/www.decci.cz\/?s={search_term_string}\"},\"query-input\":{\"@type\":\"PropertyValueSpecification\",\"valueRequired\":true,\"valueName\":\"search_term_string\"}}],\"inLanguage\":\"en-US\"},{\"@type\":\"Person\",\"@id\":\"https:\/\/www.decci.cz\/#\/schema\/person\/6f40792b7fe29cb5f0a58177e4994e82\",\"name\":\"Petra \u010can\u00edkov\u00e1\",\"image\":{\"@type\":\"ImageObject\",\"inLanguage\":\"en-US\",\"@id\":\"https:\/\/www.decci.cz\/#\/schema\/person\/image\/\",\"url\":\"https:\/\/secure.gravatar.com\/avatar\/ffdc5d087af33ea1ea814d763967f7af0534ef4eb87d8380cd31c47d02192c66?s=96&d=mm&r=g\",\"contentUrl\":\"https:\/\/secure.gravatar.com\/avatar\/ffdc5d087af33ea1ea814d763967f7af0534ef4eb87d8380cd31c47d02192c66?s=96&d=mm&r=g\",\"caption\":\"Petra \u010can\u00edkov\u00e1\"},\"sameAs\":[\"http:\/\/www.plusdesign.cz\"],\"url\":\"https:\/\/www.decci.cz\/en\/author\/petra-canikova\/\"}]}<\/script>\n<!-- \/ Yoast SEO plugin. -->","yoast_head_json":{"title":"Field trip to PV Vep\u0159ek - DECCI","robots":{"index":"index","follow":"follow","max-snippet":"max-snippet:-1","max-image-preview":"max-image-preview:large","max-video-preview":"max-video-preview:-1"},"canonical":"https:\/\/www.decci.cz\/en\/2014\/04\/24\/field-trip-to-pv-veprek\/","og_locale":"en_US","og_type":"article","og_title":"Field trip to PV Vep\u0159ek - DECCI","og_description":"Company Decci a.s. was approached by company Spole\u010dnost pro vzd\u011bl\u00e1v\u00e1n\u00ed a v\u00fdzkum s.r.o. (Company for education and research Ltd.) with an inquiry if it would be possible to do a field trip to the PV Veprek. Company Spole\u010dnost pro vzd\u011bl\u00e1n\u00ed a v\u00fdzkum s.r.o. focuses on educational improvement and enrichment of the public (across the age [&hellip;]","og_url":"https:\/\/www.decci.cz\/en\/2014\/04\/24\/field-trip-to-pv-veprek\/","og_site_name":"DECCI","article_published_time":"2014-04-24T20:12:03+00:00","article_modified_time":"2022-09-01T14:09:31+00:00","og_image":[{"width":1030,"height":685,"url":"https:\/\/www.decci.cz\/wp-content\/uploads\/2014\/04\/fvk-21-1030x685-1.jpeg","type":"image\/jpeg"}],"author":"Petra \u010can\u00edkov\u00e1","twitter_card":"summary_large_image","twitter_misc":{"Written by":"Petra \u010can\u00edkov\u00e1","Est. reading time":"1 minute"},"schema":{"@context":"https:\/\/schema.org","@graph":[{"@type":"WebPage","@id":"https:\/\/www.decci.cz\/en\/2014\/04\/24\/field-trip-to-pv-veprek\/","url":"https:\/\/www.decci.cz\/en\/2014\/04\/24\/field-trip-to-pv-veprek\/","name":"Field trip to PV Vep\u0159ek - DECCI","isPartOf":{"@id":"https:\/\/www.decci.cz\/#website"},"primaryImageOfPage":{"@id":"https:\/\/www.decci.cz\/en\/2014\/04\/24\/field-trip-to-pv-veprek\/#primaryimage"},"image":{"@id":"https:\/\/www.decci.cz\/en\/2014\/04\/24\/field-trip-to-pv-veprek\/#primaryimage"},"thumbnailUrl":"https:\/\/www.decci.cz\/wp-content\/uploads\/2014\/04\/fvk-21-1030x685-1.jpeg","datePublished":"2014-04-24T20:12:03+00:00","dateModified":"2022-09-01T14:09:31+00:00","author":{"@id":"https:\/\/www.decci.cz\/#\/schema\/person\/6f40792b7fe29cb5f0a58177e4994e82"},"breadcrumb":{"@id":"https:\/\/www.decci.cz\/en\/2014\/04\/24\/field-trip-to-pv-veprek\/#breadcrumb"},"inLanguage":"en-US","potentialAction":[{"@type":"ReadAction","target":["https:\/\/www.decci.cz\/en\/2014\/04\/24\/field-trip-to-pv-veprek\/"]}]},{"@type":"ImageObject","inLanguage":"en-US","@id":"https:\/\/www.decci.cz\/en\/2014\/04\/24\/field-trip-to-pv-veprek\/#primaryimage","url":"https:\/\/www.decci.cz\/wp-content\/uploads\/2014\/04\/fvk-21-1030x685-1.jpeg","contentUrl":"https:\/\/www.decci.cz\/wp-content\/uploads\/2014\/04\/fvk-21-1030x685-1.jpeg","width":1030,"height":685},{"@type":"BreadcrumbList","@id":"https:\/\/www.decci.cz\/en\/2014\/04\/24\/field-trip-to-pv-veprek\/#breadcrumb","itemListElement":[{"@type":"ListItem","position":1,"name":"Dom\u016f","item":"https:\/\/www.decci.cz\/en\/"},{"@type":"ListItem","position":2,"name":"Field trip to PV Vep\u0159ek"}]},{"@type":"WebSite","@id":"https:\/\/www.decci.cz\/#website","url":"https:\/\/www.decci.cz\/","name":"DECCI","description":"Vytv\u00e1\u0159\u00edme infrastrukturu budoucnosti","potentialAction":[{"@type":"SearchAction","target":{"@type":"EntryPoint","urlTemplate":"https:\/\/www.decci.cz\/?s={search_term_string}"},"query-input":{"@type":"PropertyValueSpecification","valueRequired":true,"valueName":"search_term_string"}}],"inLanguage":"en-US"},{"@type":"Person","@id":"https:\/\/www.decci.cz\/#\/schema\/person\/6f40792b7fe29cb5f0a58177e4994e82","name":"Petra \u010can\u00edkov\u00e1","image":{"@type":"ImageObject","inLanguage":"en-US","@id":"https:\/\/www.decci.cz\/#\/schema\/person\/image\/","url":"https:\/\/secure.gravatar.com\/avatar\/ffdc5d087af33ea1ea814d763967f7af0534ef4eb87d8380cd31c47d02192c66?s=96&d=mm&r=g","contentUrl":"https:\/\/secure.gravatar.com\/avatar\/ffdc5d087af33ea1ea814d763967f7af0534ef4eb87d8380cd31c47d02192c66?s=96&d=mm&r=g","caption":"Petra \u010can\u00edkov\u00e1"},"sameAs":["http:\/\/www.plusdesign.cz"],"url":"https:\/\/www.decci.cz\/en\/author\/petra-canikova\/"}]}},"_links":{"self":[{"href":"https:\/\/www.decci.cz\/en\/wp-json\/wp\/v2\/posts\/3745","targetHints":{"allow":["GET"]}}],"collection":[{"href":"https:\/\/www.decci.cz\/en\/wp-json\/wp\/v2\/posts"}],"about":[{"href":"https:\/\/www.decci.cz\/en\/wp-json\/wp\/v2\/types\/post"}],"author":[{"embeddable":true,"href":"https:\/\/www.decci.cz\/en\/wp-json\/wp\/v2\/users\/2"}],"replies":[{"embeddable":true,"href":"https:\/\/www.decci.cz\/en\/wp-json\/wp\/v2\/comments?post=3745"}],"version-history":[{"count":1,"href":"https:\/\/www.decci.cz\/en\/wp-json\/wp\/v2\/posts\/3745\/revisions"}],"predecessor-version":[{"id":3746,"href":"https:\/\/www.decci.cz\/en\/wp-json\/wp\/v2\/posts\/3745\/revisions\/3746"}],"wp:featuredmedia":[{"embeddable":true,"href":"https:\/\/www.decci.cz\/en\/wp-json\/wp\/v2\/media\/3492"}],"wp:attachment":[{"href":"https:\/\/www.decci.cz\/en\/wp-json\/wp\/v2\/media?parent=3745"}],"wp:term":[{"taxonomy":"category","embeddable":true,"href":"https:\/\/www.decci.cz\/en\/wp-json\/wp\/v2\/categories?post=3745"},{"taxonomy":"post_tag","embeddable":true,"href":"https:\/\/www.decci.cz\/en\/wp-json\/wp\/v2\/tags?post=3745"}],"curies":[{"name":"wp","href":"https:\/\/api.w.org\/{rel}","templated":true}]}}