{"id":3735,"date":"2012-04-05T09:40:51","date_gmt":"2012-04-05T07:40:51","guid":{"rendered":"https:\/\/www.decci.cz\/2012\/04\/05\/meeting-with-south-african-ambassador\/"},"modified":"2022-09-01T16:00:05","modified_gmt":"2022-09-01T14:00:05","slug":"meeting-with-south-african-ambassador","status":"publish","type":"post","link":"https:\/\/www.decci.cz\/en\/2012\/04\/05\/meeting-with-south-african-ambassador\/","title":{"rendered":"Meeting with South African Ambassador"},"content":{"rendered":"\t\t<div data-elementor-type=\"wp-post\" data-elementor-id=\"3735\" class=\"elementor elementor-3735 elementor-1651\" data-elementor-post-type=\"post\">\n\t\t\t\t\t\t<section class=\"elementor-section elementor-top-section elementor-element elementor-element-ec51753 elementor-section-boxed elementor-section-height-default elementor-section-height-default\" data-id=\"ec51753\" data-element_type=\"section\">\n\t\t\t\t\t\t<div class=\"elementor-container elementor-column-gap-default\">\n\t\t\t\t\t<div class=\"elementor-column elementor-col-100 elementor-top-column elementor-element elementor-element-154b0be\" data-id=\"154b0be\" data-element_type=\"column\">\n\t\t\t<div class=\"elementor-widget-wrap elementor-element-populated\">\n\t\t\t\t\t\t<div class=\"elementor-element elementor-element-0682ddf elementor-widget elementor-widget-text-editor\" data-id=\"0682ddf\" data-element_type=\"widget\" data-widget_type=\"text-editor.default\">\n\t\t\t\t<div class=\"elementor-widget-container\">\n\t\t\t\t\t\t\t\t\t<p>On Wednesday February 1, 2012 meeting with South African ambassador, Madam Celia-Sandra Botha was held in the premises of South African Embassy.<\/p>\t\t\t\t\t\t\t\t<\/div>\n\t\t\t\t<\/div>\n\t\t\t\t\t<\/div>\n\t\t<\/div>\n\t\t\t\t\t<\/div>\n\t\t<\/section>\n\t\t\t\t<section class=\"elementor-section elementor-top-section elementor-element elementor-element-3f3f15d elementor-section-boxed elementor-section-height-default elementor-section-height-default\" data-id=\"3f3f15d\" data-element_type=\"section\">\n\t\t\t\t\t\t<div class=\"elementor-container elementor-column-gap-default\">\n\t\t\t\t\t<div class=\"elementor-column elementor-col-100 elementor-top-column elementor-element elementor-element-1188b19\" data-id=\"1188b19\" data-element_type=\"column\">\n\t\t\t<div class=\"elementor-widget-wrap elementor-element-populated\">\n\t\t\t\t\t\t<div class=\"elementor-element elementor-element-10ca3a7 elementor-widget elementor-widget-text-editor\" data-id=\"10ca3a7\" data-element_type=\"widget\" data-widget_type=\"text-editor.default\">\n\t\t\t\t<div class=\"elementor-widget-container\">\n\t\t\t\t\t\t\t\t\t<p>Representatives of company Decci a.s., Mr Jarmil Seba, Chairman of the company and Mrs Darina Lukavska together with Mr Vilem Ruzicka, President of South African-Czech Chamber of Commerce took part in this meeting. Company Decci a.s. is the only Czech entity taking part in the five round government tender for construction renewable energy generators (sun, wind, water, bio-mass or bio-gas) in South Africa. The government tender runs under its official title \u201cIndependent Power Producer Procurement Program\u201d or \u201cIPP-PP\u201d<\/p>\t\t\t\t\t\t\t\t<\/div>\n\t\t\t\t<\/div>\n\t\t\t\t<div class=\"elementor-element elementor-element-bcb13f7 elementor-widget elementor-widget-text-editor\" data-id=\"bcb13f7\" data-element_type=\"widget\" data-widget_type=\"text-editor.default\">\n\t\t\t\t<div class=\"elementor-widget-container\">\n\t\t\t\t\t\t\t\t\t<p>Within this five round government tender, renewable energy generators of the total capacity of 3725MW should be installed by 2014. Company Decci a.s. is aiming for solar projects of the total installed output of 200MW.<\/p>\t\t\t\t\t\t\t\t<\/div>\n\t\t\t\t<\/div>\n\t\t\t\t<div class=\"elementor-element elementor-element-984ce92 elementor-widget elementor-widget-text-editor\" data-id=\"984ce92\" data-element_type=\"widget\" data-widget_type=\"text-editor.default\">\n\t\t\t\t<div class=\"elementor-widget-container\">\n\t\t\t\t\t\t\t\t\t<p>Furthermore, Mr Jarmil Seba presented the Ambassador other solar projects and activities evolved by company Decci outside the official IPP-PP in South Africa. Company Decci a.s. managed to establish contacts with several local investors, universities and municipalities which are interested in solar generators.<\/p>\t\t\t\t\t\t\t\t<\/div>\n\t\t\t\t<\/div>\n\t\t\t\t<div class=\"elementor-element elementor-element-f494ad9 elementor-widget elementor-widget-image\" data-id=\"f494ad9\" data-element_type=\"widget\" data-widget_type=\"image.default\">\n\t\t\t\t<div class=\"elementor-widget-container\">\n\t\t\t\t\t\t\t\t\t\t\t\t\t\t\t<img fetchpriority=\"high\" decoding=\"async\" width=\"1000\" height=\"750\" src=\"https:\/\/www.decci.cz\/wp-content\/uploads\/2012\/04\/schuzka-s-ambasadorkou-jihoafricke-republiky.jpeg\" class=\"attachment-full size-full wp-image-3453\" alt=\"\" srcset=\"https:\/\/www.decci.cz\/wp-content\/uploads\/2012\/04\/schuzka-s-ambasadorkou-jihoafricke-republiky.jpeg 1000w, https:\/\/www.decci.cz\/wp-content\/uploads\/2012\/04\/schuzka-s-ambasadorkou-jihoafricke-republiky-300x225.jpeg 300w, https:\/\/www.decci.cz\/wp-content\/uploads\/2012\/04\/schuzka-s-ambasadorkou-jihoafricke-republiky-768x576.jpeg 768w\" sizes=\"(max-width: 1000px) 100vw, 1000px\" \/>\t\t\t\t\t\t\t\t\t\t\t\t\t\t\t<\/div>\n\t\t\t\t<\/div>\n\t\t\t\t\t<\/div>\n\t\t<\/div>\n\t\t\t\t\t<\/div>\n\t\t<\/section>\n\t\t\t\t<\/div>\n\t\t","protected":false},"excerpt":{"rendered":"<p>On Wednesday February 1, 2012 meeting with South African ambassador, Madam Celia-Sandra Botha was held in the premises of South African Embassy. Representatives of company Decci a.s., Mr Jarmil Seba, Chairman of the company and Mrs Darina Lukavska together with Mr Vilem Ruzicka, President of South African-Czech Chamber of Commerce took part in this meeting. [&hellip;]<\/p>\n","protected":false},"author":2,"featured_media":3453,"comment_status":"closed","ping_status":"closed","sticky":false,"template":"elementor_theme","format":"standard","meta":{"footnotes":""},"categories":[209],"tags":[210,219,245,246,247,248,236,215,217,216,249,250,237,251,238,252,253],"class_list":["post-3735","post","type-post","status-publish","format-standard","has-post-thumbnail","hentry","category-press-releases","tag-decci-en","tag-decci-a-s-en","tag-energetika-en","tag-fotovoltaicke-panely-en","tag-fotovoltaika-en","tag-jihoafricko-ceska-obchodni-a-prumyslova-komora-en","tag-obnovitelne-zdroje-en","tag-pvp","tag-pvp-en","tag-pvps","tag-solarni-projekty-en","tag-spolecnost-decci-en","tag-statni-tendr-en","tag-statni-tendr-na-vystavbu-energetickych-zarizeni-en","tag-statni-tendr-na-vystavbu-fotovoltaickych-aplikaci-en","tag-statni-tendr-v-jihoafricke-republice-en","tag-vilem-ruzicka-en"],"yoast_head":"<!-- This site is optimized with the Yoast SEO plugin v25.3.1 - https:\/\/yoast.com\/wordpress\/plugins\/seo\/ -->\n<title>Meeting with South African Ambassador - DECCI<\/title>\n<meta name=\"robots\" content=\"index, follow, max-snippet:-1, max-image-preview:large, max-video-preview:-1\" \/>\n<link rel=\"canonical\" href=\"https:\/\/www.decci.cz\/2012\/04\/05\/schuzka-s-ambasadorkou-jihoafricke-republiky\/\" \/>\n<meta property=\"og:locale\" content=\"en_US\" \/>\n<meta property=\"og:type\" content=\"article\" \/>\n<meta property=\"og:title\" content=\"Meeting with South African Ambassador - DECCI\" \/>\n<meta property=\"og:description\" content=\"On Wednesday February 1, 2012 meeting with South African ambassador, Madam Celia-Sandra Botha was held in the premises of South African Embassy. Representatives of company Decci a.s., Mr Jarmil Seba, Chairman of the company and Mrs Darina Lukavska together with Mr Vilem Ruzicka, President of South African-Czech Chamber of Commerce took part in this meeting. [&hellip;]\" \/>\n<meta property=\"og:url\" content=\"https:\/\/www.decci.cz\/2012\/04\/05\/schuzka-s-ambasadorkou-jihoafricke-republiky\/\" \/>\n<meta property=\"og:site_name\" content=\"DECCI\" \/>\n<meta property=\"article:published_time\" content=\"2012-04-05T07:40:51+00:00\" \/>\n<meta property=\"article:modified_time\" content=\"2022-09-01T14:00:05+00:00\" \/>\n<meta property=\"og:image\" content=\"https:\/\/www.decci.cz\/wp-content\/uploads\/2012\/04\/schuzka-s-ambasadorkou-jihoafricke-republiky.jpeg\" \/>\n\t<meta property=\"og:image:width\" content=\"1000\" \/>\n\t<meta property=\"og:image:height\" content=\"750\" \/>\n\t<meta property=\"og:image:type\" content=\"image\/jpeg\" \/>\n<meta name=\"author\" content=\"Petra \u010can\u00edkov\u00e1\" \/>\n<meta name=\"twitter:card\" content=\"summary_large_image\" \/>\n<meta name=\"twitter:label1\" content=\"Written by\" \/>\n\t<meta name=\"twitter:data1\" content=\"Petra \u010can\u00edkov\u00e1\" \/>\n\t<meta name=\"twitter:label2\" content=\"Est. reading time\" \/>\n\t<meta name=\"twitter:data2\" content=\"1 minute\" \/>\n<script type=\"application\/ld+json\" class=\"yoast-schema-graph\">{\"@context\":\"https:\/\/schema.org\",\"@graph\":[{\"@type\":\"WebPage\",\"@id\":\"https:\/\/www.decci.cz\/2012\/04\/05\/schuzka-s-ambasadorkou-jihoafricke-republiky\/\",\"url\":\"https:\/\/www.decci.cz\/2012\/04\/05\/schuzka-s-ambasadorkou-jihoafricke-republiky\/\",\"name\":\"Meeting with South African Ambassador - DECCI\",\"isPartOf\":{\"@id\":\"https:\/\/www.decci.cz\/#website\"},\"primaryImageOfPage\":{\"@id\":\"https:\/\/www.decci.cz\/2012\/04\/05\/schuzka-s-ambasadorkou-jihoafricke-republiky\/#primaryimage\"},\"image\":{\"@id\":\"https:\/\/www.decci.cz\/2012\/04\/05\/schuzka-s-ambasadorkou-jihoafricke-republiky\/#primaryimage\"},\"thumbnailUrl\":\"https:\/\/www.decci.cz\/wp-content\/uploads\/2012\/04\/schuzka-s-ambasadorkou-jihoafricke-republiky.jpeg\",\"datePublished\":\"2012-04-05T07:40:51+00:00\",\"dateModified\":\"2022-09-01T14:00:05+00:00\",\"author\":{\"@id\":\"https:\/\/www.decci.cz\/#\/schema\/person\/6f40792b7fe29cb5f0a58177e4994e82\"},\"breadcrumb\":{\"@id\":\"https:\/\/www.decci.cz\/2012\/04\/05\/schuzka-s-ambasadorkou-jihoafricke-republiky\/#breadcrumb\"},\"inLanguage\":\"en-US\",\"potentialAction\":[{\"@type\":\"ReadAction\",\"target\":[\"https:\/\/www.decci.cz\/2012\/04\/05\/schuzka-s-ambasadorkou-jihoafricke-republiky\/\"]}]},{\"@type\":\"ImageObject\",\"inLanguage\":\"en-US\",\"@id\":\"https:\/\/www.decci.cz\/2012\/04\/05\/schuzka-s-ambasadorkou-jihoafricke-republiky\/#primaryimage\",\"url\":\"https:\/\/www.decci.cz\/wp-content\/uploads\/2012\/04\/schuzka-s-ambasadorkou-jihoafricke-republiky.jpeg\",\"contentUrl\":\"https:\/\/www.decci.cz\/wp-content\/uploads\/2012\/04\/schuzka-s-ambasadorkou-jihoafricke-republiky.jpeg\",\"width\":1000,\"height\":750},{\"@type\":\"BreadcrumbList\",\"@id\":\"https:\/\/www.decci.cz\/2012\/04\/05\/schuzka-s-ambasadorkou-jihoafricke-republiky\/#breadcrumb\",\"itemListElement\":[{\"@type\":\"ListItem\",\"position\":1,\"name\":\"Dom\u016f\",\"item\":\"https:\/\/www.decci.cz\/en\/\"},{\"@type\":\"ListItem\",\"position\":2,\"name\":\"Meeting with South African Ambassador\"}]},{\"@type\":\"WebSite\",\"@id\":\"https:\/\/www.decci.cz\/#website\",\"url\":\"https:\/\/www.decci.cz\/\",\"name\":\"DECCI\",\"description\":\"Vytv\u00e1\u0159\u00edme infrastrukturu budoucnosti\",\"potentialAction\":[{\"@type\":\"SearchAction\",\"target\":{\"@type\":\"EntryPoint\",\"urlTemplate\":\"https:\/\/www.decci.cz\/?s={search_term_string}\"},\"query-input\":{\"@type\":\"PropertyValueSpecification\",\"valueRequired\":true,\"valueName\":\"search_term_string\"}}],\"inLanguage\":\"en-US\"},{\"@type\":\"Person\",\"@id\":\"https:\/\/www.decci.cz\/#\/schema\/person\/6f40792b7fe29cb5f0a58177e4994e82\",\"name\":\"Petra \u010can\u00edkov\u00e1\",\"image\":{\"@type\":\"ImageObject\",\"inLanguage\":\"en-US\",\"@id\":\"https:\/\/www.decci.cz\/#\/schema\/person\/image\/\",\"url\":\"https:\/\/secure.gravatar.com\/avatar\/ffdc5d087af33ea1ea814d763967f7af0534ef4eb87d8380cd31c47d02192c66?s=96&d=mm&r=g\",\"contentUrl\":\"https:\/\/secure.gravatar.com\/avatar\/ffdc5d087af33ea1ea814d763967f7af0534ef4eb87d8380cd31c47d02192c66?s=96&d=mm&r=g\",\"caption\":\"Petra \u010can\u00edkov\u00e1\"},\"sameAs\":[\"http:\/\/www.plusdesign.cz\"],\"url\":\"https:\/\/www.decci.cz\/en\/author\/petra-canikova\/\"}]}<\/script>\n<!-- \/ Yoast SEO plugin. -->","yoast_head_json":{"title":"Meeting with South African Ambassador - DECCI","robots":{"index":"index","follow":"follow","max-snippet":"max-snippet:-1","max-image-preview":"max-image-preview:large","max-video-preview":"max-video-preview:-1"},"canonical":"https:\/\/www.decci.cz\/2012\/04\/05\/schuzka-s-ambasadorkou-jihoafricke-republiky\/","og_locale":"en_US","og_type":"article","og_title":"Meeting with South African Ambassador - DECCI","og_description":"On Wednesday February 1, 2012 meeting with South African ambassador, Madam Celia-Sandra Botha was held in the premises of South African Embassy. Representatives of company Decci a.s., Mr Jarmil Seba, Chairman of the company and Mrs Darina Lukavska together with Mr Vilem Ruzicka, President of South African-Czech Chamber of Commerce took part in this meeting. [&hellip;]","og_url":"https:\/\/www.decci.cz\/2012\/04\/05\/schuzka-s-ambasadorkou-jihoafricke-republiky\/","og_site_name":"DECCI","article_published_time":"2012-04-05T07:40:51+00:00","article_modified_time":"2022-09-01T14:00:05+00:00","og_image":[{"width":1000,"height":750,"url":"https:\/\/www.decci.cz\/wp-content\/uploads\/2012\/04\/schuzka-s-ambasadorkou-jihoafricke-republiky.jpeg","type":"image\/jpeg"}],"author":"Petra \u010can\u00edkov\u00e1","twitter_card":"summary_large_image","twitter_misc":{"Written by":"Petra \u010can\u00edkov\u00e1","Est. reading time":"1 minute"},"schema":{"@context":"https:\/\/schema.org","@graph":[{"@type":"WebPage","@id":"https:\/\/www.decci.cz\/2012\/04\/05\/schuzka-s-ambasadorkou-jihoafricke-republiky\/","url":"https:\/\/www.decci.cz\/2012\/04\/05\/schuzka-s-ambasadorkou-jihoafricke-republiky\/","name":"Meeting with South African Ambassador - DECCI","isPartOf":{"@id":"https:\/\/www.decci.cz\/#website"},"primaryImageOfPage":{"@id":"https:\/\/www.decci.cz\/2012\/04\/05\/schuzka-s-ambasadorkou-jihoafricke-republiky\/#primaryimage"},"image":{"@id":"https:\/\/www.decci.cz\/2012\/04\/05\/schuzka-s-ambasadorkou-jihoafricke-republiky\/#primaryimage"},"thumbnailUrl":"https:\/\/www.decci.cz\/wp-content\/uploads\/2012\/04\/schuzka-s-ambasadorkou-jihoafricke-republiky.jpeg","datePublished":"2012-04-05T07:40:51+00:00","dateModified":"2022-09-01T14:00:05+00:00","author":{"@id":"https:\/\/www.decci.cz\/#\/schema\/person\/6f40792b7fe29cb5f0a58177e4994e82"},"breadcrumb":{"@id":"https:\/\/www.decci.cz\/2012\/04\/05\/schuzka-s-ambasadorkou-jihoafricke-republiky\/#breadcrumb"},"inLanguage":"en-US","potentialAction":[{"@type":"ReadAction","target":["https:\/\/www.decci.cz\/2012\/04\/05\/schuzka-s-ambasadorkou-jihoafricke-republiky\/"]}]},{"@type":"ImageObject","inLanguage":"en-US","@id":"https:\/\/www.decci.cz\/2012\/04\/05\/schuzka-s-ambasadorkou-jihoafricke-republiky\/#primaryimage","url":"https:\/\/www.decci.cz\/wp-content\/uploads\/2012\/04\/schuzka-s-ambasadorkou-jihoafricke-republiky.jpeg","contentUrl":"https:\/\/www.decci.cz\/wp-content\/uploads\/2012\/04\/schuzka-s-ambasadorkou-jihoafricke-republiky.jpeg","width":1000,"height":750},{"@type":"BreadcrumbList","@id":"https:\/\/www.decci.cz\/2012\/04\/05\/schuzka-s-ambasadorkou-jihoafricke-republiky\/#breadcrumb","itemListElement":[{"@type":"ListItem","position":1,"name":"Dom\u016f","item":"https:\/\/www.decci.cz\/en\/"},{"@type":"ListItem","position":2,"name":"Meeting with South African Ambassador"}]},{"@type":"WebSite","@id":"https:\/\/www.decci.cz\/#website","url":"https:\/\/www.decci.cz\/","name":"DECCI","description":"Vytv\u00e1\u0159\u00edme infrastrukturu budoucnosti","potentialAction":[{"@type":"SearchAction","target":{"@type":"EntryPoint","urlTemplate":"https:\/\/www.decci.cz\/?s={search_term_string}"},"query-input":{"@type":"PropertyValueSpecification","valueRequired":true,"valueName":"search_term_string"}}],"inLanguage":"en-US"},{"@type":"Person","@id":"https:\/\/www.decci.cz\/#\/schema\/person\/6f40792b7fe29cb5f0a58177e4994e82","name":"Petra \u010can\u00edkov\u00e1","image":{"@type":"ImageObject","inLanguage":"en-US","@id":"https:\/\/www.decci.cz\/#\/schema\/person\/image\/","url":"https:\/\/secure.gravatar.com\/avatar\/ffdc5d087af33ea1ea814d763967f7af0534ef4eb87d8380cd31c47d02192c66?s=96&d=mm&r=g","contentUrl":"https:\/\/secure.gravatar.com\/avatar\/ffdc5d087af33ea1ea814d763967f7af0534ef4eb87d8380cd31c47d02192c66?s=96&d=mm&r=g","caption":"Petra \u010can\u00edkov\u00e1"},"sameAs":["http:\/\/www.plusdesign.cz"],"url":"https:\/\/www.decci.cz\/en\/author\/petra-canikova\/"}]}},"_links":{"self":[{"href":"https:\/\/www.decci.cz\/en\/wp-json\/wp\/v2\/posts\/3735","targetHints":{"allow":["GET"]}}],"collection":[{"href":"https:\/\/www.decci.cz\/en\/wp-json\/wp\/v2\/posts"}],"about":[{"href":"https:\/\/www.decci.cz\/en\/wp-json\/wp\/v2\/types\/post"}],"author":[{"embeddable":true,"href":"https:\/\/www.decci.cz\/en\/wp-json\/wp\/v2\/users\/2"}],"replies":[{"embeddable":true,"href":"https:\/\/www.decci.cz\/en\/wp-json\/wp\/v2\/comments?post=3735"}],"version-history":[{"count":1,"href":"https:\/\/www.decci.cz\/en\/wp-json\/wp\/v2\/posts\/3735\/revisions"}],"predecessor-version":[{"id":3736,"href":"https:\/\/www.decci.cz\/en\/wp-json\/wp\/v2\/posts\/3735\/revisions\/3736"}],"wp:featuredmedia":[{"embeddable":true,"href":"https:\/\/www.decci.cz\/en\/wp-json\/wp\/v2\/media\/3453"}],"wp:attachment":[{"href":"https:\/\/www.decci.cz\/en\/wp-json\/wp\/v2\/media?parent=3735"}],"wp:term":[{"taxonomy":"category","embeddable":true,"href":"https:\/\/www.decci.cz\/en\/wp-json\/wp\/v2\/categories?post=3735"},{"taxonomy":"post_tag","embeddable":true,"href":"https:\/\/www.decci.cz\/en\/wp-json\/wp\/v2\/tags?post=3735"}],"curies":[{"name":"wp","href":"https:\/\/api.w.org\/{rel}","templated":true}]}}