{"id":3720,"date":"2011-08-15T19:04:40","date_gmt":"2011-08-15T17:04:40","guid":{"rendered":"https:\/\/www.decci.cz\/2011\/08\/15\/decci-introduces-fve-veprek-one-of-the-largest-photovoltaic-power-plants-in-the-world\/"},"modified":"2022-09-01T15:43:49","modified_gmt":"2022-09-01T13:43:49","slug":"decci-introduces-fve-veprek-one-of-the-largest-photovoltaic-power-plants-in-the-world","status":"publish","type":"post","link":"https:\/\/www.decci.cz\/en\/2011\/08\/15\/decci-introduces-fve-veprek-one-of-the-largest-photovoltaic-power-plants-in-the-world\/","title":{"rendered":"Decci introduces FVE Vep\u0159ek \u2013 one of the largest photovoltaic power plants in the world"},"content":{"rendered":"\t\t<div data-elementor-type=\"wp-post\" data-elementor-id=\"3720\" class=\"elementor elementor-3720 elementor-1915\" data-elementor-post-type=\"post\">\n\t\t\t\t\t\t<section class=\"elementor-section elementor-top-section elementor-element elementor-element-2b4a562 elementor-section-boxed elementor-section-height-default elementor-section-height-default\" data-id=\"2b4a562\" data-element_type=\"section\">\n\t\t\t\t\t\t<div class=\"elementor-container elementor-column-gap-default\">\n\t\t\t\t\t<div class=\"elementor-column elementor-col-100 elementor-top-column elementor-element elementor-element-6f95858\" data-id=\"6f95858\" data-element_type=\"column\">\n\t\t\t<div class=\"elementor-widget-wrap elementor-element-populated\">\n\t\t\t\t\t\t<div class=\"elementor-element elementor-element-61c2884 elementor-widget elementor-widget-text-editor\" data-id=\"61c2884\" data-element_type=\"widget\" data-widget_type=\"text-editor.default\">\n\t\t\t\t<div class=\"elementor-widget-container\">\n\t\t\t\t\t\t\t\t\t<p>Ceremonial opening of the largest photovoltaic power plant in all of Central, Siuther and Eastern Europe took place at Vep\u0159ek in M\u011bln\u00edk County on Wednesday September 8th, 2010. The new complex with 26 blocks of photovoltaic panels has an installed output of 35 MWp.<\/p>\t\t\t\t\t\t\t\t<\/div>\n\t\t\t\t<\/div>\n\t\t\t\t\t<\/div>\n\t\t<\/div>\n\t\t\t\t\t<\/div>\n\t\t<\/section>\n\t\t\t\t<section class=\"elementor-section elementor-top-section elementor-element elementor-element-52f0129 elementor-section-boxed elementor-section-height-default elementor-section-height-default\" data-id=\"52f0129\" data-element_type=\"section\">\n\t\t\t\t\t\t<div class=\"elementor-container elementor-column-gap-default\">\n\t\t\t\t\t<div class=\"elementor-column elementor-col-100 elementor-top-column elementor-element elementor-element-f142d2e\" data-id=\"f142d2e\" data-element_type=\"column\">\n\t\t\t<div class=\"elementor-widget-wrap elementor-element-populated\">\n\t\t\t\t\t\t<div class=\"elementor-element elementor-element-0a2bcd5 elementor-widget elementor-widget-heading\" data-id=\"0a2bcd5\" data-element_type=\"widget\" data-widget_type=\"heading.default\">\n\t\t\t\t<div class=\"elementor-widget-container\">\n\t\t\t\t\t<h2 class=\"elementor-heading-title elementor-size-default\">PVP Vep\u0159ek: 35 MWp of installed output\n<\/h2>\t\t\t\t<\/div>\n\t\t\t\t<\/div>\n\t\t\t\t\t<\/div>\n\t\t<\/div>\n\t\t\t\t\t<\/div>\n\t\t<\/section>\n\t\t\t\t<section class=\"elementor-section elementor-top-section elementor-element elementor-element-1f84073 elementor-section-boxed elementor-section-height-default elementor-section-height-default\" data-id=\"1f84073\" data-element_type=\"section\">\n\t\t\t\t\t\t<div class=\"elementor-container elementor-column-gap-default\">\n\t\t\t\t\t<div class=\"elementor-column elementor-col-100 elementor-top-column elementor-element elementor-element-b6a8930\" data-id=\"b6a8930\" data-element_type=\"column\">\n\t\t\t<div class=\"elementor-widget-wrap elementor-element-populated\">\n\t\t\t\t\t\t<div class=\"elementor-element elementor-element-ce8f3cc elementor-widget elementor-widget-text-editor\" data-id=\"ce8f3cc\" data-element_type=\"widget\" data-widget_type=\"text-editor.default\">\n\t\t\t\t<div class=\"elementor-widget-container\">\n\t\t\t\t\t\t\t\t\t<p>Until now the title of the largest power plant in the Czech Republic belonged to the solar power plant near St\u0159\u00edbro in the Tachov County with just a one third output equaling 13.6 MWp. In September 2010 the FVE Vep\u0159ek project with its 35 MWp output has become not just the largest photovoltaic power plant in the Czech Republic, but also in Central, Southern and Eastern Europe. It is also currently the ninth largest photovoltaic power plant in the world.<\/p>\t\t\t\t\t\t\t\t<\/div>\n\t\t\t\t<\/div>\n\t\t\t\t<div class=\"elementor-element elementor-element-df0385e elementor-widget elementor-widget-text-editor\" data-id=\"df0385e\" data-element_type=\"widget\" data-widget_type=\"text-editor.default\">\n\t\t\t\t<div class=\"elementor-widget-container\">\n\t\t\t\t\t\t\t\t\t<p>The newly developed 13 block complex stretches over an area of 82.5 ha, which represents an area of about a hundred football fields. The first construction works on the photovoltaic power plant have started in March of 2010 and at the start of September 2010 FVE Vep\u0159ek was ceremonially opened. Project was developed by DECCI, a.s., which presents its photovoltaic power plants under the single trademark, FVE CZECH.<\/p>\t\t\t\t\t\t\t\t<\/div>\n\t\t\t\t<\/div>\n\t\t\t\t\t<\/div>\n\t\t<\/div>\n\t\t\t\t\t<\/div>\n\t\t<\/section>\n\t\t\t\t<section class=\"elementor-section elementor-top-section elementor-element elementor-element-7644d15 elementor-section-boxed elementor-section-height-default elementor-section-height-default\" data-id=\"7644d15\" data-element_type=\"section\">\n\t\t\t\t\t\t<div class=\"elementor-container elementor-column-gap-default\">\n\t\t\t\t\t<div class=\"elementor-column elementor-col-100 elementor-top-column elementor-element elementor-element-d60d214\" data-id=\"d60d214\" data-element_type=\"column\">\n\t\t\t<div class=\"elementor-widget-wrap elementor-element-populated\">\n\t\t\t\t\t\t<div class=\"elementor-element elementor-element-d78134e elementor-widget elementor-widget-heading\" data-id=\"d78134e\" data-element_type=\"widget\" data-widget_type=\"heading.default\">\n\t\t\t\t<div class=\"elementor-widget-container\">\n\t\t\t\t\t<h2 class=\"elementor-heading-title elementor-size-default\">Gallery of PVP Vep\u0159ek\n<\/h2>\t\t\t\t<\/div>\n\t\t\t\t<\/div>\n\t\t\t\t<div class=\"elementor-element elementor-element-3947fda elementor-widget elementor-widget-gallery\" data-id=\"3947fda\" data-element_type=\"widget\" data-settings=\"{&quot;columns&quot;:3,&quot;gallery_layout&quot;:&quot;grid&quot;,&quot;columns_tablet&quot;:2,&quot;columns_mobile&quot;:1,&quot;gap&quot;:{&quot;unit&quot;:&quot;px&quot;,&quot;size&quot;:10,&quot;sizes&quot;:[]},&quot;gap_tablet&quot;:{&quot;unit&quot;:&quot;px&quot;,&quot;size&quot;:10,&quot;sizes&quot;:[]},&quot;gap_mobile&quot;:{&quot;unit&quot;:&quot;px&quot;,&quot;size&quot;:10,&quot;sizes&quot;:[]},&quot;link_to&quot;:&quot;file&quot;,&quot;aspect_ratio&quot;:&quot;3:2&quot;,&quot;overlay_background&quot;:&quot;yes&quot;,&quot;content_hover_animation&quot;:&quot;fade-in&quot;}\" data-widget_type=\"gallery.default\">\n\t\t\t\t<div class=\"elementor-widget-container\">\n\t\t\t\t\t\t\t<div class=\"elementor-gallery__container\">\n\t\t\t\t\t\t\t<a class=\"e-gallery-item elementor-gallery-item elementor-animated-content\" href=\"https:\/\/www.decci.cz\/wp-content\/uploads\/2011\/08\/img_6592-1030x687-1.jpeg\" data-elementor-open-lightbox=\"yes\" data-elementor-lightbox-slideshow=\"3947fda\" data-e-action-hash=\"#elementor-action%3Aaction%3Dlightbox%26settings%3DeyJpZCI6MTkyNSwidXJsIjoiaHR0cHM6XC9cL3d3dy5kZWNjaS5jelwvd3AtY29udGVudFwvdXBsb2Fkc1wvMjAxMVwvMDhcL2ltZ182NTkyLTEwMzB4Njg3LTEuanBlZyIsInNsaWRlc2hvdyI6IjM5NDdmZGEifQ%3D%3D\">\n\t\t\t\t\t<div class=\"e-gallery-image elementor-gallery-item__image\" data-thumbnail=\"https:\/\/www.decci.cz\/wp-content\/uploads\/2011\/08\/img_6592-1030x687-1.jpeg\" data-width=\"1030\" data-height=\"687\" aria-label=\"\" role=\"img\" ><\/div>\n\t\t\t\t\t\t\t\t\t\t\t<div class=\"elementor-gallery-item__overlay\"><\/div>\n\t\t\t\t\t\t\t\t\t\t\t\t\t\t<\/a>\n\t\t\t\t\t\t\t<a class=\"e-gallery-item elementor-gallery-item elementor-animated-content\" href=\"https:\/\/www.decci.cz\/wp-content\/uploads\/2011\/08\/img_6597-1030x687-1.jpeg\" data-elementor-open-lightbox=\"yes\" data-elementor-lightbox-slideshow=\"3947fda\" data-e-action-hash=\"#elementor-action%3Aaction%3Dlightbox%26settings%3DeyJpZCI6MTkyNCwidXJsIjoiaHR0cHM6XC9cL3d3dy5kZWNjaS5jelwvd3AtY29udGVudFwvdXBsb2Fkc1wvMjAxMVwvMDhcL2ltZ182NTk3LTEwMzB4Njg3LTEuanBlZyIsInNsaWRlc2hvdyI6IjM5NDdmZGEifQ%3D%3D\">\n\t\t\t\t\t<div class=\"e-gallery-image elementor-gallery-item__image\" data-thumbnail=\"https:\/\/www.decci.cz\/wp-content\/uploads\/2011\/08\/img_6597-1030x687-1.jpeg\" data-width=\"1030\" data-height=\"687\" aria-label=\"\" role=\"img\" ><\/div>\n\t\t\t\t\t\t\t\t\t\t\t<div class=\"elementor-gallery-item__overlay\"><\/div>\n\t\t\t\t\t\t\t\t\t\t\t\t\t\t<\/a>\n\t\t\t\t\t\t\t<a class=\"e-gallery-item elementor-gallery-item elementor-animated-content\" href=\"https:\/\/www.decci.cz\/wp-content\/uploads\/2011\/08\/img_6635-1030x687-1.jpeg\" data-elementor-open-lightbox=\"yes\" data-elementor-lightbox-slideshow=\"3947fda\" data-e-action-hash=\"#elementor-action%3Aaction%3Dlightbox%26settings%3DeyJpZCI6MTkyMywidXJsIjoiaHR0cHM6XC9cL3d3dy5kZWNjaS5jelwvd3AtY29udGVudFwvdXBsb2Fkc1wvMjAxMVwvMDhcL2ltZ182NjM1LTEwMzB4Njg3LTEuanBlZyIsInNsaWRlc2hvdyI6IjM5NDdmZGEifQ%3D%3D\">\n\t\t\t\t\t<div class=\"e-gallery-image elementor-gallery-item__image\" data-thumbnail=\"https:\/\/www.decci.cz\/wp-content\/uploads\/2011\/08\/img_6635-1030x687-1.jpeg\" data-width=\"1030\" data-height=\"687\" aria-label=\"\" role=\"img\" ><\/div>\n\t\t\t\t\t\t\t\t\t\t\t<div class=\"elementor-gallery-item__overlay\"><\/div>\n\t\t\t\t\t\t\t\t\t\t\t\t\t\t<\/a>\n\t\t\t\t\t\t\t<a class=\"e-gallery-item elementor-gallery-item elementor-animated-content\" href=\"https:\/\/www.decci.cz\/wp-content\/uploads\/2011\/08\/img_6646-1030x687-1.jpeg\" data-elementor-open-lightbox=\"yes\" data-elementor-lightbox-slideshow=\"3947fda\" data-e-action-hash=\"#elementor-action%3Aaction%3Dlightbox%26settings%3DeyJpZCI6MTkyMiwidXJsIjoiaHR0cHM6XC9cL3d3dy5kZWNjaS5jelwvd3AtY29udGVudFwvdXBsb2Fkc1wvMjAxMVwvMDhcL2ltZ182NjQ2LTEwMzB4Njg3LTEuanBlZyIsInNsaWRlc2hvdyI6IjM5NDdmZGEifQ%3D%3D\">\n\t\t\t\t\t<div class=\"e-gallery-image elementor-gallery-item__image\" data-thumbnail=\"https:\/\/www.decci.cz\/wp-content\/uploads\/2011\/08\/img_6646-1030x687-1.jpeg\" data-width=\"1030\" data-height=\"687\" aria-label=\"\" role=\"img\" ><\/div>\n\t\t\t\t\t\t\t\t\t\t\t<div class=\"elementor-gallery-item__overlay\"><\/div>\n\t\t\t\t\t\t\t\t\t\t\t\t\t\t<\/a>\n\t\t\t\t\t\t\t<a class=\"e-gallery-item elementor-gallery-item elementor-animated-content\" href=\"https:\/\/www.decci.cz\/wp-content\/uploads\/2011\/08\/img_6651-1030x687-1.jpeg\" data-elementor-open-lightbox=\"yes\" data-elementor-lightbox-slideshow=\"3947fda\" data-e-action-hash=\"#elementor-action%3Aaction%3Dlightbox%26settings%3DeyJpZCI6MTkyMSwidXJsIjoiaHR0cHM6XC9cL3d3dy5kZWNjaS5jelwvd3AtY29udGVudFwvdXBsb2Fkc1wvMjAxMVwvMDhcL2ltZ182NjUxLTEwMzB4Njg3LTEuanBlZyIsInNsaWRlc2hvdyI6IjM5NDdmZGEifQ%3D%3D\">\n\t\t\t\t\t<div class=\"e-gallery-image elementor-gallery-item__image\" data-thumbnail=\"https:\/\/www.decci.cz\/wp-content\/uploads\/2011\/08\/img_6651-1030x687-1.jpeg\" data-width=\"1030\" data-height=\"687\" aria-label=\"\" role=\"img\" ><\/div>\n\t\t\t\t\t\t\t\t\t\t\t<div class=\"elementor-gallery-item__overlay\"><\/div>\n\t\t\t\t\t\t\t\t\t\t\t\t\t\t<\/a>\n\t\t\t\t\t\t\t<a class=\"e-gallery-item elementor-gallery-item elementor-animated-content\" href=\"https:\/\/www.decci.cz\/wp-content\/uploads\/2011\/08\/img_6683-687x1030-1.jpeg\" data-elementor-open-lightbox=\"yes\" data-elementor-lightbox-slideshow=\"3947fda\" data-e-action-hash=\"#elementor-action%3Aaction%3Dlightbox%26settings%3DeyJpZCI6MTkyMCwidXJsIjoiaHR0cHM6XC9cL3d3dy5kZWNjaS5jelwvd3AtY29udGVudFwvdXBsb2Fkc1wvMjAxMVwvMDhcL2ltZ182NjgzLTY4N3gxMDMwLTEuanBlZyIsInNsaWRlc2hvdyI6IjM5NDdmZGEifQ%3D%3D\">\n\t\t\t\t\t<div class=\"e-gallery-image elementor-gallery-item__image\" data-thumbnail=\"https:\/\/www.decci.cz\/wp-content\/uploads\/2011\/08\/img_6683-687x1030-1.jpeg\" data-width=\"687\" data-height=\"1030\" aria-label=\"\" role=\"img\" ><\/div>\n\t\t\t\t\t\t\t\t\t\t\t<div class=\"elementor-gallery-item__overlay\"><\/div>\n\t\t\t\t\t\t\t\t\t\t\t\t\t\t<\/a>\n\t\t\t\t\t\t\t<a class=\"e-gallery-item elementor-gallery-item elementor-animated-content\" href=\"https:\/\/www.decci.cz\/wp-content\/uploads\/2011\/08\/img_6708-1030x687-1.jpeg\" data-elementor-open-lightbox=\"yes\" data-elementor-lightbox-slideshow=\"3947fda\" data-e-action-hash=\"#elementor-action%3Aaction%3Dlightbox%26settings%3DeyJpZCI6MTkxOSwidXJsIjoiaHR0cHM6XC9cL3d3dy5kZWNjaS5jelwvd3AtY29udGVudFwvdXBsb2Fkc1wvMjAxMVwvMDhcL2ltZ182NzA4LTEwMzB4Njg3LTEuanBlZyIsInNsaWRlc2hvdyI6IjM5NDdmZGEifQ%3D%3D\">\n\t\t\t\t\t<div class=\"e-gallery-image elementor-gallery-item__image\" data-thumbnail=\"https:\/\/www.decci.cz\/wp-content\/uploads\/2011\/08\/img_6708-1030x687-1.jpeg\" data-width=\"1030\" data-height=\"687\" aria-label=\"\" role=\"img\" ><\/div>\n\t\t\t\t\t\t\t\t\t\t\t<div class=\"elementor-gallery-item__overlay\"><\/div>\n\t\t\t\t\t\t\t\t\t\t\t\t\t\t<\/a>\n\t\t\t\t\t\t\t<a class=\"e-gallery-item elementor-gallery-item elementor-animated-content\" href=\"https:\/\/www.decci.cz\/wp-content\/uploads\/2011\/08\/img_6709-1030x687-1.jpeg\" data-elementor-open-lightbox=\"yes\" data-elementor-lightbox-slideshow=\"3947fda\" data-e-action-hash=\"#elementor-action%3Aaction%3Dlightbox%26settings%3DeyJpZCI6MTkxOCwidXJsIjoiaHR0cHM6XC9cL3d3dy5kZWNjaS5jelwvd3AtY29udGVudFwvdXBsb2Fkc1wvMjAxMVwvMDhcL2ltZ182NzA5LTEwMzB4Njg3LTEuanBlZyIsInNsaWRlc2hvdyI6IjM5NDdmZGEifQ%3D%3D\">\n\t\t\t\t\t<div class=\"e-gallery-image elementor-gallery-item__image\" data-thumbnail=\"https:\/\/www.decci.cz\/wp-content\/uploads\/2011\/08\/img_6709-1030x687-1.jpeg\" data-width=\"1030\" data-height=\"687\" aria-label=\"\" role=\"img\" ><\/div>\n\t\t\t\t\t\t\t\t\t\t\t<div class=\"elementor-gallery-item__overlay\"><\/div>\n\t\t\t\t\t\t\t\t\t\t\t\t\t\t<\/a>\n\t\t\t\t\t\t\t<a class=\"e-gallery-item elementor-gallery-item elementor-animated-content\" href=\"https:\/\/www.decci.cz\/wp-content\/uploads\/2011\/08\/img_6713-1030x687-1.jpeg\" data-elementor-open-lightbox=\"yes\" data-elementor-lightbox-slideshow=\"3947fda\" data-e-action-hash=\"#elementor-action%3Aaction%3Dlightbox%26settings%3DeyJpZCI6MTkxNywidXJsIjoiaHR0cHM6XC9cL3d3dy5kZWNjaS5jelwvd3AtY29udGVudFwvdXBsb2Fkc1wvMjAxMVwvMDhcL2ltZ182NzEzLTEwMzB4Njg3LTEuanBlZyIsInNsaWRlc2hvdyI6IjM5NDdmZGEifQ%3D%3D\">\n\t\t\t\t\t<div class=\"e-gallery-image elementor-gallery-item__image\" data-thumbnail=\"https:\/\/www.decci.cz\/wp-content\/uploads\/2011\/08\/img_6713-1030x687-1.jpeg\" data-width=\"1030\" data-height=\"687\" aria-label=\"\" role=\"img\" ><\/div>\n\t\t\t\t\t\t\t\t\t\t\t<div class=\"elementor-gallery-item__overlay\"><\/div>\n\t\t\t\t\t\t\t\t\t\t\t\t\t\t<\/a>\n\t\t\t\t\t<\/div>\n\t\t\t\t\t<\/div>\n\t\t\t\t<\/div>\n\t\t\t\t\t<\/div>\n\t\t<\/div>\n\t\t\t\t\t<\/div>\n\t\t<\/section>\n\t\t\t\t<\/div>\n\t\t","protected":false},"excerpt":{"rendered":"<p>Ceremonial opening of the largest photovoltaic power plant in all of Central, Siuther and Eastern Europe took place at Vep\u0159ek in M\u011bln\u00edk County on Wednesday September 8th, 2010. The new complex with 26 blocks of photovoltaic panels has an installed output of 35 MWp. PVP Vep\u0159ek: 35 MWp of installed output Until now the title [&hellip;]<\/p>\n","protected":false},"author":2,"featured_media":3509,"comment_status":"closed","ping_status":"closed","sticky":false,"template":"elementor_theme","format":"standard","meta":{"footnotes":""},"categories":[209],"tags":[210,219,220,222,215,217,221,218,216,223],"class_list":["post-3720","post","type-post","status-publish","format-standard","has-post-thumbnail","hentry","category-press-releases","tag-decci-en","tag-decci-a-s-en","tag-fve-czech-en","tag-one-of-the-largest-photovoltaic-power-plants-in-the-czech-republic","tag-pvp","tag-pvp-en","tag-pvp-veprek-en","tag-pvp-veprek","tag-pvps","tag-tachovsko-pvp"],"yoast_head":"<!-- This site is optimized with the Yoast SEO plugin v25.3.1 - https:\/\/yoast.com\/wordpress\/plugins\/seo\/ -->\n<title>Decci introduces FVE Vep\u0159ek \u2013 one of the largest photovoltaic power plants in the world - DECCI<\/title>\n<meta name=\"robots\" content=\"index, follow, max-snippet:-1, max-image-preview:large, max-video-preview:-1\" \/>\n<link rel=\"canonical\" href=\"https:\/\/www.decci.cz\/2011\/08\/15\/decci-predstavuje-fve-veprek-jednu-z-nejvetsich-fve-na-svete\/\" \/>\n<meta property=\"og:locale\" content=\"en_US\" \/>\n<meta property=\"og:type\" content=\"article\" \/>\n<meta property=\"og:title\" content=\"Decci introduces FVE Vep\u0159ek \u2013 one of the largest photovoltaic power plants in the world - DECCI\" \/>\n<meta property=\"og:description\" content=\"Ceremonial opening of the largest photovoltaic power plant in all of Central, Siuther and Eastern Europe took place at Vep\u0159ek in M\u011bln\u00edk County on Wednesday September 8th, 2010. The new complex with 26 blocks of photovoltaic panels has an installed output of 35 MWp. PVP Vep\u0159ek: 35 MWp of installed output Until now the title [&hellip;]\" \/>\n<meta property=\"og:url\" content=\"https:\/\/www.decci.cz\/2011\/08\/15\/decci-predstavuje-fve-veprek-jednu-z-nejvetsich-fve-na-svete\/\" \/>\n<meta property=\"og:site_name\" content=\"DECCI\" \/>\n<meta property=\"article:published_time\" content=\"2011-08-15T17:04:40+00:00\" \/>\n<meta property=\"article:modified_time\" content=\"2022-09-01T13:43:49+00:00\" \/>\n<meta property=\"og:image\" content=\"https:\/\/www.decci.cz\/wp-content\/uploads\/2011\/08\/img_6709-1030x687-1.jpeg\" \/>\n\t<meta property=\"og:image:width\" content=\"1030\" \/>\n\t<meta property=\"og:image:height\" content=\"687\" \/>\n\t<meta property=\"og:image:type\" content=\"image\/jpeg\" \/>\n<meta name=\"author\" content=\"Petra \u010can\u00edkov\u00e1\" \/>\n<meta name=\"twitter:card\" content=\"summary_large_image\" \/>\n<meta name=\"twitter:label1\" content=\"Written by\" \/>\n\t<meta name=\"twitter:data1\" content=\"Petra \u010can\u00edkov\u00e1\" \/>\n\t<meta name=\"twitter:label2\" content=\"Est. reading time\" \/>\n\t<meta name=\"twitter:data2\" content=\"1 minute\" \/>\n<script type=\"application\/ld+json\" class=\"yoast-schema-graph\">{\"@context\":\"https:\/\/schema.org\",\"@graph\":[{\"@type\":\"WebPage\",\"@id\":\"https:\/\/www.decci.cz\/2011\/08\/15\/decci-predstavuje-fve-veprek-jednu-z-nejvetsich-fve-na-svete\/\",\"url\":\"https:\/\/www.decci.cz\/2011\/08\/15\/decci-predstavuje-fve-veprek-jednu-z-nejvetsich-fve-na-svete\/\",\"name\":\"Decci introduces FVE Vep\u0159ek \u2013 one of the largest photovoltaic power plants in the world - DECCI\",\"isPartOf\":{\"@id\":\"https:\/\/www.decci.cz\/#website\"},\"primaryImageOfPage\":{\"@id\":\"https:\/\/www.decci.cz\/2011\/08\/15\/decci-predstavuje-fve-veprek-jednu-z-nejvetsich-fve-na-svete\/#primaryimage\"},\"image\":{\"@id\":\"https:\/\/www.decci.cz\/2011\/08\/15\/decci-predstavuje-fve-veprek-jednu-z-nejvetsich-fve-na-svete\/#primaryimage\"},\"thumbnailUrl\":\"https:\/\/www.decci.cz\/wp-content\/uploads\/2011\/08\/img_6709-1030x687-1.jpeg\",\"datePublished\":\"2011-08-15T17:04:40+00:00\",\"dateModified\":\"2022-09-01T13:43:49+00:00\",\"author\":{\"@id\":\"https:\/\/www.decci.cz\/#\/schema\/person\/6f40792b7fe29cb5f0a58177e4994e82\"},\"breadcrumb\":{\"@id\":\"https:\/\/www.decci.cz\/2011\/08\/15\/decci-predstavuje-fve-veprek-jednu-z-nejvetsich-fve-na-svete\/#breadcrumb\"},\"inLanguage\":\"en-US\",\"potentialAction\":[{\"@type\":\"ReadAction\",\"target\":[\"https:\/\/www.decci.cz\/2011\/08\/15\/decci-predstavuje-fve-veprek-jednu-z-nejvetsich-fve-na-svete\/\"]}]},{\"@type\":\"ImageObject\",\"inLanguage\":\"en-US\",\"@id\":\"https:\/\/www.decci.cz\/2011\/08\/15\/decci-predstavuje-fve-veprek-jednu-z-nejvetsich-fve-na-svete\/#primaryimage\",\"url\":\"https:\/\/www.decci.cz\/wp-content\/uploads\/2011\/08\/img_6709-1030x687-1.jpeg\",\"contentUrl\":\"https:\/\/www.decci.cz\/wp-content\/uploads\/2011\/08\/img_6709-1030x687-1.jpeg\",\"width\":1030,\"height\":687},{\"@type\":\"BreadcrumbList\",\"@id\":\"https:\/\/www.decci.cz\/2011\/08\/15\/decci-predstavuje-fve-veprek-jednu-z-nejvetsich-fve-na-svete\/#breadcrumb\",\"itemListElement\":[{\"@type\":\"ListItem\",\"position\":1,\"name\":\"Dom\u016f\",\"item\":\"https:\/\/www.decci.cz\/en\/\"},{\"@type\":\"ListItem\",\"position\":2,\"name\":\"Decci introduces FVE Vep\u0159ek \u2013 one of the largest photovoltaic power plants in the world\"}]},{\"@type\":\"WebSite\",\"@id\":\"https:\/\/www.decci.cz\/#website\",\"url\":\"https:\/\/www.decci.cz\/\",\"name\":\"DECCI\",\"description\":\"Vytv\u00e1\u0159\u00edme infrastrukturu budoucnosti\",\"potentialAction\":[{\"@type\":\"SearchAction\",\"target\":{\"@type\":\"EntryPoint\",\"urlTemplate\":\"https:\/\/www.decci.cz\/?s={search_term_string}\"},\"query-input\":{\"@type\":\"PropertyValueSpecification\",\"valueRequired\":true,\"valueName\":\"search_term_string\"}}],\"inLanguage\":\"en-US\"},{\"@type\":\"Person\",\"@id\":\"https:\/\/www.decci.cz\/#\/schema\/person\/6f40792b7fe29cb5f0a58177e4994e82\",\"name\":\"Petra \u010can\u00edkov\u00e1\",\"image\":{\"@type\":\"ImageObject\",\"inLanguage\":\"en-US\",\"@id\":\"https:\/\/www.decci.cz\/#\/schema\/person\/image\/\",\"url\":\"https:\/\/secure.gravatar.com\/avatar\/ffdc5d087af33ea1ea814d763967f7af0534ef4eb87d8380cd31c47d02192c66?s=96&d=mm&r=g\",\"contentUrl\":\"https:\/\/secure.gravatar.com\/avatar\/ffdc5d087af33ea1ea814d763967f7af0534ef4eb87d8380cd31c47d02192c66?s=96&d=mm&r=g\",\"caption\":\"Petra \u010can\u00edkov\u00e1\"},\"sameAs\":[\"http:\/\/www.plusdesign.cz\"],\"url\":\"https:\/\/www.decci.cz\/en\/author\/petra-canikova\/\"}]}<\/script>\n<!-- \/ Yoast SEO plugin. -->","yoast_head_json":{"title":"Decci introduces FVE Vep\u0159ek \u2013 one of the largest photovoltaic power plants in the world - DECCI","robots":{"index":"index","follow":"follow","max-snippet":"max-snippet:-1","max-image-preview":"max-image-preview:large","max-video-preview":"max-video-preview:-1"},"canonical":"https:\/\/www.decci.cz\/2011\/08\/15\/decci-predstavuje-fve-veprek-jednu-z-nejvetsich-fve-na-svete\/","og_locale":"en_US","og_type":"article","og_title":"Decci introduces FVE Vep\u0159ek \u2013 one of the largest photovoltaic power plants in the world - DECCI","og_description":"Ceremonial opening of the largest photovoltaic power plant in all of Central, Siuther and Eastern Europe took place at Vep\u0159ek in M\u011bln\u00edk County on Wednesday September 8th, 2010. The new complex with 26 blocks of photovoltaic panels has an installed output of 35 MWp. PVP Vep\u0159ek: 35 MWp of installed output Until now the title [&hellip;]","og_url":"https:\/\/www.decci.cz\/2011\/08\/15\/decci-predstavuje-fve-veprek-jednu-z-nejvetsich-fve-na-svete\/","og_site_name":"DECCI","article_published_time":"2011-08-15T17:04:40+00:00","article_modified_time":"2022-09-01T13:43:49+00:00","og_image":[{"width":1030,"height":687,"url":"https:\/\/www.decci.cz\/wp-content\/uploads\/2011\/08\/img_6709-1030x687-1.jpeg","type":"image\/jpeg"}],"author":"Petra \u010can\u00edkov\u00e1","twitter_card":"summary_large_image","twitter_misc":{"Written by":"Petra \u010can\u00edkov\u00e1","Est. reading time":"1 minute"},"schema":{"@context":"https:\/\/schema.org","@graph":[{"@type":"WebPage","@id":"https:\/\/www.decci.cz\/2011\/08\/15\/decci-predstavuje-fve-veprek-jednu-z-nejvetsich-fve-na-svete\/","url":"https:\/\/www.decci.cz\/2011\/08\/15\/decci-predstavuje-fve-veprek-jednu-z-nejvetsich-fve-na-svete\/","name":"Decci introduces FVE Vep\u0159ek \u2013 one of the largest photovoltaic power plants in the world - DECCI","isPartOf":{"@id":"https:\/\/www.decci.cz\/#website"},"primaryImageOfPage":{"@id":"https:\/\/www.decci.cz\/2011\/08\/15\/decci-predstavuje-fve-veprek-jednu-z-nejvetsich-fve-na-svete\/#primaryimage"},"image":{"@id":"https:\/\/www.decci.cz\/2011\/08\/15\/decci-predstavuje-fve-veprek-jednu-z-nejvetsich-fve-na-svete\/#primaryimage"},"thumbnailUrl":"https:\/\/www.decci.cz\/wp-content\/uploads\/2011\/08\/img_6709-1030x687-1.jpeg","datePublished":"2011-08-15T17:04:40+00:00","dateModified":"2022-09-01T13:43:49+00:00","author":{"@id":"https:\/\/www.decci.cz\/#\/schema\/person\/6f40792b7fe29cb5f0a58177e4994e82"},"breadcrumb":{"@id":"https:\/\/www.decci.cz\/2011\/08\/15\/decci-predstavuje-fve-veprek-jednu-z-nejvetsich-fve-na-svete\/#breadcrumb"},"inLanguage":"en-US","potentialAction":[{"@type":"ReadAction","target":["https:\/\/www.decci.cz\/2011\/08\/15\/decci-predstavuje-fve-veprek-jednu-z-nejvetsich-fve-na-svete\/"]}]},{"@type":"ImageObject","inLanguage":"en-US","@id":"https:\/\/www.decci.cz\/2011\/08\/15\/decci-predstavuje-fve-veprek-jednu-z-nejvetsich-fve-na-svete\/#primaryimage","url":"https:\/\/www.decci.cz\/wp-content\/uploads\/2011\/08\/img_6709-1030x687-1.jpeg","contentUrl":"https:\/\/www.decci.cz\/wp-content\/uploads\/2011\/08\/img_6709-1030x687-1.jpeg","width":1030,"height":687},{"@type":"BreadcrumbList","@id":"https:\/\/www.decci.cz\/2011\/08\/15\/decci-predstavuje-fve-veprek-jednu-z-nejvetsich-fve-na-svete\/#breadcrumb","itemListElement":[{"@type":"ListItem","position":1,"name":"Dom\u016f","item":"https:\/\/www.decci.cz\/en\/"},{"@type":"ListItem","position":2,"name":"Decci introduces FVE Vep\u0159ek \u2013 one of the largest photovoltaic power plants in the world"}]},{"@type":"WebSite","@id":"https:\/\/www.decci.cz\/#website","url":"https:\/\/www.decci.cz\/","name":"DECCI","description":"Vytv\u00e1\u0159\u00edme infrastrukturu budoucnosti","potentialAction":[{"@type":"SearchAction","target":{"@type":"EntryPoint","urlTemplate":"https:\/\/www.decci.cz\/?s={search_term_string}"},"query-input":{"@type":"PropertyValueSpecification","valueRequired":true,"valueName":"search_term_string"}}],"inLanguage":"en-US"},{"@type":"Person","@id":"https:\/\/www.decci.cz\/#\/schema\/person\/6f40792b7fe29cb5f0a58177e4994e82","name":"Petra \u010can\u00edkov\u00e1","image":{"@type":"ImageObject","inLanguage":"en-US","@id":"https:\/\/www.decci.cz\/#\/schema\/person\/image\/","url":"https:\/\/secure.gravatar.com\/avatar\/ffdc5d087af33ea1ea814d763967f7af0534ef4eb87d8380cd31c47d02192c66?s=96&d=mm&r=g","contentUrl":"https:\/\/secure.gravatar.com\/avatar\/ffdc5d087af33ea1ea814d763967f7af0534ef4eb87d8380cd31c47d02192c66?s=96&d=mm&r=g","caption":"Petra \u010can\u00edkov\u00e1"},"sameAs":["http:\/\/www.plusdesign.cz"],"url":"https:\/\/www.decci.cz\/en\/author\/petra-canikova\/"}]}},"_links":{"self":[{"href":"https:\/\/www.decci.cz\/en\/wp-json\/wp\/v2\/posts\/3720","targetHints":{"allow":["GET"]}}],"collection":[{"href":"https:\/\/www.decci.cz\/en\/wp-json\/wp\/v2\/posts"}],"about":[{"href":"https:\/\/www.decci.cz\/en\/wp-json\/wp\/v2\/types\/post"}],"author":[{"embeddable":true,"href":"https:\/\/www.decci.cz\/en\/wp-json\/wp\/v2\/users\/2"}],"replies":[{"embeddable":true,"href":"https:\/\/www.decci.cz\/en\/wp-json\/wp\/v2\/comments?post=3720"}],"version-history":[{"count":1,"href":"https:\/\/www.decci.cz\/en\/wp-json\/wp\/v2\/posts\/3720\/revisions"}],"predecessor-version":[{"id":3721,"href":"https:\/\/www.decci.cz\/en\/wp-json\/wp\/v2\/posts\/3720\/revisions\/3721"}],"wp:featuredmedia":[{"embeddable":true,"href":"https:\/\/www.decci.cz\/en\/wp-json\/wp\/v2\/media\/3509"}],"wp:attachment":[{"href":"https:\/\/www.decci.cz\/en\/wp-json\/wp\/v2\/media?parent=3720"}],"wp:term":[{"taxonomy":"category","embeddable":true,"href":"https:\/\/www.decci.cz\/en\/wp-json\/wp\/v2\/categories?post=3720"},{"taxonomy":"post_tag","embeddable":true,"href":"https:\/\/www.decci.cz\/en\/wp-json\/wp\/v2\/tags?post=3720"}],"curies":[{"name":"wp","href":"https:\/\/api.w.org\/{rel}","templated":true}]}}